{"id":1043,"date":"2016-09-23T12:00:00","date_gmt":"2016-09-23T15:00:00","guid":{"rendered":"https:\/\/gremiovencedor.com.br\/novo\/chapa-da-situacao-recebe-terceira-advertencia-por-pratica-inadequada\/"},"modified":"2016-09-23T12:00:00","modified_gmt":"2016-09-23T15:00:00","slug":"chapa-da-situacao-recebe-terceira-advertencia-por-pratica-inadequada","status":"publish","type":"post","link":"https:\/\/gremiovencedor.com.br\/novo\/chapa-da-situacao-recebe-terceira-advertencia-por-pratica-inadequada\/","title":{"rendered":"Chapa da situa\u00e7\u00e3o recebe terceira advert\u00eancia por pr\u00e1tica inadequada"},"content":{"rendered":"<p>No \u00faltimo dia 20\/09, a Chapa 3, +Gr\u00eamio, divulgou nota oficial repudiando a pr\u00e1tica adotada pela Chapa 4, da situa\u00e7\u00e3o, que passou a realizar pretensa \u201cpesquisa eleitoral\u201d, na qual os atendentes n\u00e3o s\u00f3 fazem com que os associados sejam induzidos a acreditar que se trata de levantamento de iniciativa oficial do Clube, como ainda direcionam o voto em favor da Chapa 4. A nota oficial,\u00a0 denunciando tal pr\u00e1tica, foi traduzida em representa\u00e7\u00e3o para a Comiss\u00e3o Eleitoral, subscrita pelas Chapas 2 e 3, no dia 21\/09. Na tarde desta sexta-feira, v\u00e9spera do pleito, a Comiss\u00e3o Eleitoral acatou a representa\u00e7\u00e3o e advertiu a Chapa da situa\u00e7\u00e3o para que, na realiza\u00e7\u00e3o de eventual pesquisa de inten\u00e7\u00e3o de votos junto aos associados habilitados a votar na Assembleia Geral de amanh\u00e3, se abstenha terminantemente de mencionar que referida consulta \u00e9 ato oficial do Gr\u00eamio Foot-Ball Porto Alegrense. \u00c9 a terceira advert\u00eancia feita pela Comiss\u00e3o Eleitoral \u00e0 Chapa 4, situacionista, todas decorrentes do \u201cuso da m\u00e1quina\u201d, pr\u00e1tica sabidamente ilegal de campanha. Quem sabe estivesse a atual gest\u00e3o mais ocupada com o futebol e menos concentrada em desvirtuar o processo eleitoral estar\u00edamos tendo, em campo, melhores atua\u00e7\u00f5es. N\u00e3o \u00e9 esse o Gr\u00eamio que queremos! Att Coordena\u00e7\u00e3o +Gr\u00eamio Chapa 3 \u00a0<\/p>\n","protected":false},"excerpt":{"rendered":"<p>No \u00faltimo dia 20\/09, a Chapa 3, +Gr\u00eamio, divulgou nota oficial repudiando a pr\u00e1tica adotada pela Chapa 4, da situa\u00e7\u00e3o, que passou a realizar pretensa \u201cpesquisa eleitoral\u201d, na qual os atendentes n\u00e3o s\u00f3 fazem com que os associados sejam induzidos a acreditar que se trata de levantamento de iniciativa oficial do Clube, como ainda direcionam [&hellip;]<\/p>\n","protected":false},"author":1,"featured_media":1044,"comment_status":"open","ping_status":"open","sticky":false,"template":"","format":"standard","meta":{"_monsterinsights_skip_tracking":false,"footnotes":""},"categories":[1],"tags":[],"class_list":["post-1043","post","type-post","status-publish","format-standard","has-post-thumbnail","hentry","category-sem-categoria"],"_links":{"self":[{"href":"https:\/\/gremiovencedor.com.br\/novo\/wp-json\/wp\/v2\/posts\/1043","targetHints":{"allow":["GET"]}}],"collection":[{"href":"https:\/\/gremiovencedor.com.br\/novo\/wp-json\/wp\/v2\/posts"}],"about":[{"href":"https:\/\/gremiovencedor.com.br\/novo\/wp-json\/wp\/v2\/types\/post"}],"author":[{"embeddable":true,"href":"https:\/\/gremiovencedor.com.br\/novo\/wp-json\/wp\/v2\/users\/1"}],"replies":[{"embeddable":true,"href":"https:\/\/gremiovencedor.com.br\/novo\/wp-json\/wp\/v2\/comments?post=1043"}],"version-history":[{"count":0,"href":"https:\/\/gremiovencedor.com.br\/novo\/wp-json\/wp\/v2\/posts\/1043\/revisions"}],"wp:featuredmedia":[{"embeddable":true,"href":"https:\/\/gremiovencedor.com.br\/novo\/wp-json\/wp\/v2\/media\/1044"}],"wp:attachment":[{"href":"https:\/\/gremiovencedor.com.br\/novo\/wp-json\/wp\/v2\/media?parent=1043"}],"wp:term":[{"taxonomy":"category","embeddable":true,"href":"https:\/\/gremiovencedor.com.br\/novo\/wp-json\/wp\/v2\/categories?post=1043"},{"taxonomy":"post_tag","embeddable":true,"href":"https:\/\/gremiovencedor.com.br\/novo\/wp-json\/wp\/v2\/tags?post=1043"}],"curies":[{"name":"wp","href":"https:\/\/api.w.org\/{rel}","templated":true}]}}