{"id":1057,"date":"2016-09-30T12:00:00","date_gmt":"2016-09-30T15:00:00","guid":{"rendered":"https:\/\/gremiovencedor.com.br\/novo\/mgv-avalia-resultado-das-eleicoes-para-o-cd-e-sauda-novos-conselheiros\/"},"modified":"2016-09-30T12:00:00","modified_gmt":"2016-09-30T15:00:00","slug":"mgv-avalia-resultado-das-eleicoes-para-o-cd-e-sauda-novos-conselheiros","status":"publish","type":"post","link":"https:\/\/gremiovencedor.com.br\/novo\/mgv-avalia-resultado-das-eleicoes-para-o-cd-e-sauda-novos-conselheiros\/","title":{"rendered":"MGV avalia resultado das elei\u00e7\u00f5es para o CD e sa\u00fada novos conselheiros"},"content":{"rendered":"<p>O Movimento Gr\u00eamio Vencedor \u2013 MGV esteve reunido na noite de quinta-feira (29) para avaliar o resultado das elei\u00e7\u00f5es para o Conselho Deliberativo, que ocorreram no dia 24 de setembro. A Chapa 3 +Gr\u00eamio, da qual o MGV fez parte, contabilizou 1.280 votos (19,86%), elegendo 35 conselheiros e sete suplentes. Entre os novos conselheiros, seis s\u00e3o integrantes do Movimento: Jorge Luiz Ramos Brendel, Marco Aur\u00e9lio Mello Moreira, Carlos Valdir Kochhann, Joel J\u00fanior Machado Corr\u00eaa, Ant\u00f4nio Porf\u00edrio de Ara\u00fajo Costa e Paulo Fernando Airoldi. Thiago Brunetto, um dos coordenadores do MGV, fez a avalia\u00e7\u00e3o inicial da participa\u00e7\u00e3o do grupo no pleito: \u2013 N\u00f3s tivemos um grande protagonismo na campanha da Chapa. Conseguimos manter a postura cr\u00edtica que sempre tivemos. N\u00f3s representamos uma linha hist\u00f3rica e vitoriosa no Gr\u00eamio, e a nossa cara esteve nessa campanha. Os seis novos conselheiros do MGV fizeram uma breve apresenta\u00e7\u00e3o, contando um pouco das suas hist\u00f3rias de vida e de amor ao clube:\u00a0 \u201cSou um idealista. Sempre ajudei o Gr\u00eamio nos momentos mais dif\u00edceis. Me tornei s\u00f3cio em 2005, adquirindo 10 cadeiras, pois era o momento que o clube mais precisava. Sempre vou lutar e debater pelo bem do clube.\u201d Ant\u00f4nio Porf\u00edrio de Ara\u00fajo Costa \u00a0 \u201cQuando eu era pequeno, frequentando o Ol\u00edmpico, passei pela entrada do Conselho e meu pai me explicou que o conselheiro praticamente decide a vida de um clube. Eu nunca imaginei que um dia eu estaria participando do Conselho. Fico emocionado e orgulhoso. Podem contar comigo, sempre. Ajudarei o Gr\u00eamio em tudo o que for poss\u00edvel.\u201d\u00a0 Paulo Fernando Airoldi \u201cTive o prazer de ser um dos fundadores do Gr\u00eamio Vencedor. S\u00f3 tenho que agradecer ao grupo pela oportunidade. Para mim \u00e9 um sonho ser conselheiro. N\u00e3o sou de fazer grandes discursos. Eu sou mais um soldado. Estarei junto do torcedor, batalhando e divulgando o Gr\u00eamio por todos os cantos do Brasil.\u201d\u00a0 \u00a0 Jorge Brendel \u201cTamb\u00e9m sou um dos fundadores do MGV e me orgulho disso. Na \u00faltima elei\u00e7\u00e3o do Conselho, n\u00e3o entrei porque faltavam cinco dias para completar os cinco anos de associado. Sou filho de pequenos agricultores e na minha inf\u00e2ncia n\u00e3o tinha tev\u00ea, s\u00f3 um r\u00e1dio bem grande. Numa fam\u00edlia de 11 filhos, eu era o \u00fanico ligado ao futebol. Estava sempre grudado no r\u00e1dio. E hoje, poder entrar no Conselho, \u00e9 uma alegria e uma honra muito grande.\u201d\u00a0 \u00a0 Carlos Valdir Kochhann \u201cDesde pequeno eu sonhava em ser jogador do Gr\u00eamio, s\u00f3 do Gr\u00eamio. Os outros clubes n\u00e3o me interessavam. Quando vim morar em Porto Alegre pensei que pudesse realizar esse sonho, mas, por quest\u00f5es t\u00e9cnicas, n\u00e3o tive essa oportunidade. Apesar de n\u00e3o conseguir realizar esse sonho, eu\u00a0 sentia a necessidade de ajudar o Gr\u00eamio de uma outra forma. Foi por isso que entrei no MGV e hoje \u00e9 um grande orgulho para mim ser conselheiro, ainda mais sabendo que sou o mais jovem de todo o Conselho.\u201d\u00a0 \u00a0 Joel J\u00fanior Machado Corr\u00eaa \u201c\u00c9 a realiza\u00e7\u00e3o de um sonho participar do Conselho do Gr\u00eamio, depois de 20 anos de espera e depois de atuar no departamento jur\u00eddico do clube. Meu pai conta que desde pequeno eu tinha interesse pelas coisas do Gr\u00eamio, como por exemplo em ler o estatuto, que tenho guardado at\u00e9 hoje. Quando a gente ama alguma coisa, a gente se empenha. E eu amo o Gr\u00eamio. Espero contribuir da melhor forma poss\u00edvel e ser um bra\u00e7o leal de unidade para levar o Gr\u00eamio novamente ao caminho das vit\u00f3rias.\u201d Marco Aur\u00e9lio Mello Moreira Ao final da reuni\u00e3o, o conselheiro do Gr\u00eamio e uma das principais lideran\u00e7as do MGV, Renato Moreira tamb\u00e9m fez o uso da palavra: \u2013 Compartilho da alegria de todos os novos conselheiros. N\u00f3s obtivemos um \u00eaxito significativo nessas elei\u00e7\u00f5es. Soubemos construir a nossa hist\u00f3ria no Gr\u00eamio e tivemos um gesto muito bacana, que foi o de se unir a um movimento (MGI), que tradicionalmente foi oposi\u00e7\u00e3o a n\u00f3s. Voc\u00ea superar essas quest\u00f5es antigas e olhar para a frente, \u00e9 disso que o Gr\u00eamio precisa. Lamento, entretanto, a grande absten\u00e7\u00e3o das elei\u00e7\u00f5es. Como \u00e9 que o Gr\u00eamio vai aspirar voltar \u00e0s grandes conquistas, quando 84% do seu quadro social ignora o clube? N\u00f3s temos que pensar o clube de outra forma e mostrar ao associado que a grandeza do clube depende dele. Os conselheiros Marcos Chitolina e Renato Paese fecharam a reuni\u00e3o com\u00a0 uma avalia\u00e7\u00e3o do panorama pol\u00edtico para as pr\u00f3ximas elei\u00e7\u00f5es: presid\u00eancia do Conselho e presid\u00eancia do Clube. \u00a0<\/p>\n","protected":false},"excerpt":{"rendered":"<p>O Movimento Gr\u00eamio Vencedor \u2013 MGV esteve reunido na noite de quinta-feira (29) para avaliar o resultado das elei\u00e7\u00f5es para o Conselho Deliberativo, que ocorreram no dia 24 de setembro. A Chapa 3 +Gr\u00eamio, da qual o MGV fez parte, contabilizou 1.280 votos (19,86%), elegendo 35 conselheiros e sete suplentes. Entre os novos conselheiros, seis [&hellip;]<\/p>\n","protected":false},"author":1,"featured_media":1058,"comment_status":"open","ping_status":"open","sticky":false,"template":"","format":"standard","meta":{"_monsterinsights_skip_tracking":false,"footnotes":""},"categories":[1],"tags":[],"class_list":["post-1057","post","type-post","status-publish","format-standard","has-post-thumbnail","hentry","category-sem-categoria"],"_links":{"self":[{"href":"https:\/\/gremiovencedor.com.br\/novo\/wp-json\/wp\/v2\/posts\/1057","targetHints":{"allow":["GET"]}}],"collection":[{"href":"https:\/\/gremiovencedor.com.br\/novo\/wp-json\/wp\/v2\/posts"}],"about":[{"href":"https:\/\/gremiovencedor.com.br\/novo\/wp-json\/wp\/v2\/types\/post"}],"author":[{"embeddable":true,"href":"https:\/\/gremiovencedor.com.br\/novo\/wp-json\/wp\/v2\/users\/1"}],"replies":[{"embeddable":true,"href":"https:\/\/gremiovencedor.com.br\/novo\/wp-json\/wp\/v2\/comments?post=1057"}],"version-history":[{"count":0,"href":"https:\/\/gremiovencedor.com.br\/novo\/wp-json\/wp\/v2\/posts\/1057\/revisions"}],"wp:featuredmedia":[{"embeddable":true,"href":"https:\/\/gremiovencedor.com.br\/novo\/wp-json\/wp\/v2\/media\/1058"}],"wp:attachment":[{"href":"https:\/\/gremiovencedor.com.br\/novo\/wp-json\/wp\/v2\/media?parent=1057"}],"wp:term":[{"taxonomy":"category","embeddable":true,"href":"https:\/\/gremiovencedor.com.br\/novo\/wp-json\/wp\/v2\/categories?post=1057"},{"taxonomy":"post_tag","embeddable":true,"href":"https:\/\/gremiovencedor.com.br\/novo\/wp-json\/wp\/v2\/tags?post=1057"}],"curies":[{"name":"wp","href":"https:\/\/api.w.org\/{rel}","templated":true}]}}