{"id":1061,"date":"2016-11-13T12:00:00","date_gmt":"2016-11-13T14:00:00","guid":{"rendered":"https:\/\/gremiovencedor.com.br\/novo\/mgv-lamenta-abstencao-e-sauda-as-chapas-concorrentes-a-presidencia-do-clube\/"},"modified":"2016-11-13T12:00:00","modified_gmt":"2016-11-13T14:00:00","slug":"mgv-lamenta-abstencao-e-sauda-as-chapas-concorrentes-a-presidencia-do-clube","status":"publish","type":"post","link":"https:\/\/gremiovencedor.com.br\/novo\/mgv-lamenta-abstencao-e-sauda-as-chapas-concorrentes-a-presidencia-do-clube\/","title":{"rendered":"MGV lamenta absten\u00e7\u00e3o e sa\u00fada as chapas concorrentes \u00e0 presid\u00eancia do clube"},"content":{"rendered":"<p>O Movimento Gr\u00eamio Vencedor \u2013 MGV parabeniza a Chapa 1, de Romildo Bolzan J\u00fanior, e a Chapa 2, de Raul Mendes da Rocha, que concorreram \u00e0 presid\u00eancia do clube para o tri\u00eanio 2017-2019, e deseja boa sorte ao presidente reeleito. Esperamos que nos pr\u00f3ximos tr\u00eas anos o Tricolor tenha uma gest\u00e3o respons\u00e1vel e comprometida com o futebol para que possamos reencontrar o caminho das vit\u00f3rias e dos grandes t\u00edtulos.\u00a0 N\u00f3s do MGV seguiremos nosso papel de fiscalizadores das promessas feitas agora em campanha, para que elas n\u00e3o se percam com o passar do tempo. Acreditamos que o foco da gest\u00e3o deva ser sempre o futebol, raz\u00e3o de ser do nosso clube. E, como representantes do torcedor gremista, manteremos nosso olhar cr\u00edtico e atento para que o Gr\u00eamio volte a ser Vencedor.\u00a0 Lamentamos profundamente a falta de interesse do torcedor na elei\u00e7\u00e3o do \u00faltimo s\u00e1bado (12), quando apenas 6.600 s\u00f3cios decidiram o futuro do clube. A cada ano, a participa\u00e7\u00e3o dos eleitores gremistas cai \u2013 13.547 eleitores em 2012 e 9.013 em 2014 \u2013, o que muito nos entristece e demonstra a necessidade urgente de uma campanha de valoriza\u00e7\u00e3o do s\u00f3cio. Vamos lutar por essa conscientiza\u00e7\u00e3o, afinal a grandeza de um clube est\u00e1 justamente no tamanho e participa\u00e7\u00e3o da sua torcida dentro e fora de campo. \u00a0 Fotos: Lucas Uebel\/Gr\u00eamio FBPA<\/p>\n","protected":false},"excerpt":{"rendered":"<p>O Movimento Gr\u00eamio Vencedor \u2013 MGV parabeniza a Chapa 1, de Romildo Bolzan J\u00fanior, e a Chapa 2, de Raul Mendes da Rocha, que concorreram \u00e0 presid\u00eancia do clube para o tri\u00eanio 2017-2019, e deseja boa sorte ao presidente reeleito. Esperamos que nos pr\u00f3ximos tr\u00eas anos o Tricolor tenha uma gest\u00e3o respons\u00e1vel e comprometida com [&hellip;]<\/p>\n","protected":false},"author":1,"featured_media":1062,"comment_status":"open","ping_status":"open","sticky":false,"template":"","format":"standard","meta":{"_monsterinsights_skip_tracking":false,"footnotes":""},"categories":[1],"tags":[],"class_list":["post-1061","post","type-post","status-publish","format-standard","has-post-thumbnail","hentry","category-sem-categoria"],"_links":{"self":[{"href":"https:\/\/gremiovencedor.com.br\/novo\/wp-json\/wp\/v2\/posts\/1061","targetHints":{"allow":["GET"]}}],"collection":[{"href":"https:\/\/gremiovencedor.com.br\/novo\/wp-json\/wp\/v2\/posts"}],"about":[{"href":"https:\/\/gremiovencedor.com.br\/novo\/wp-json\/wp\/v2\/types\/post"}],"author":[{"embeddable":true,"href":"https:\/\/gremiovencedor.com.br\/novo\/wp-json\/wp\/v2\/users\/1"}],"replies":[{"embeddable":true,"href":"https:\/\/gremiovencedor.com.br\/novo\/wp-json\/wp\/v2\/comments?post=1061"}],"version-history":[{"count":0,"href":"https:\/\/gremiovencedor.com.br\/novo\/wp-json\/wp\/v2\/posts\/1061\/revisions"}],"wp:featuredmedia":[{"embeddable":true,"href":"https:\/\/gremiovencedor.com.br\/novo\/wp-json\/wp\/v2\/media\/1062"}],"wp:attachment":[{"href":"https:\/\/gremiovencedor.com.br\/novo\/wp-json\/wp\/v2\/media?parent=1061"}],"wp:term":[{"taxonomy":"category","embeddable":true,"href":"https:\/\/gremiovencedor.com.br\/novo\/wp-json\/wp\/v2\/categories?post=1061"},{"taxonomy":"post_tag","embeddable":true,"href":"https:\/\/gremiovencedor.com.br\/novo\/wp-json\/wp\/v2\/tags?post=1061"}],"curies":[{"name":"wp","href":"https:\/\/api.w.org\/{rel}","templated":true}]}}