{"id":1063,"date":"2016-11-29T12:00:00","date_gmt":"2016-11-29T14:00:00","guid":{"rendered":"https:\/\/gremiovencedor.com.br\/novo\/somos-todos-chape\/"},"modified":"2016-11-29T12:00:00","modified_gmt":"2016-11-29T14:00:00","slug":"somos-todos-chape","status":"publish","type":"post","link":"https:\/\/gremiovencedor.com.br\/novo\/somos-todos-chape\/","title":{"rendered":"Somos todos Chape!"},"content":{"rendered":"<p>Justamente no momento de maior gl\u00f3ria, o sonho virou pesadelo e a alegria de decidir um t\u00edtulo internacional deu lugar \u00e0 tristeza de perder 71 vidas. \u00c9 dif\u00edcil aceitar que aquele clube que estava fazendo hist\u00f3ria e chegou com m\u00e9ritos \u00e0 final da Copa Sul-Americana foi despeda\u00e7ado por um acidente a\u00e9reo, a maior trag\u00e9dia do futebol mundial. Nesta quarta, n\u00f3s gremistas tamb\u00e9m viver\u00edamos um momento muito especial. Assim como a Associa\u00e7\u00e3o Chapecoense de Futebol, decidir\u00edamos um t\u00edtulo muito almejado por todos n\u00f3s, a Copa do Brasil. Nossa Arena estaria lotada, na esperan\u00e7a de soltar o grito de \u201c\u00c9 campe\u00e3o!\u201d. Mas tudo isso perdeu sentido diante da dor que estamos sentindo. Nessa hora, n\u00e3o existe camisa, hino ou ta\u00e7a. O futebol perdeu a cor, perdeu a gra\u00e7a, perdeu o sentido. Nosso pensamento s\u00f3 consegue alcan\u00e7ar as fam\u00edlias que choram a perda de seus entes queridos e os torcedores que se emocionam nas arquibancadas da Arena Cond\u00e1. N\u00e3o h\u00e1 consolo suficiente nesse momento. Temos, ao menos, a certeza de que o brilho deste time hist\u00f3rico nunca se apagar\u00e1! A garra do \u201cca\u00e7ulinha\u201d da S\u00e9rie A, que em sete temporadas saiu da S\u00e9rie D para postar-se entre os gigantes do continente, servir\u00e1 sempre de exemplo e motiva\u00e7\u00e3o! Somos todos Chape! Hoje e para sempre! Gr\u00eamio Vencedor \u00a0<\/p>\n","protected":false},"excerpt":{"rendered":"<p>Justamente no momento de maior gl\u00f3ria, o sonho virou pesadelo e a alegria de decidir um t\u00edtulo internacional deu lugar \u00e0 tristeza de perder 71 vidas. \u00c9 dif\u00edcil aceitar que aquele clube que estava fazendo hist\u00f3ria e chegou com m\u00e9ritos \u00e0 final da Copa Sul-Americana foi despeda\u00e7ado por um acidente a\u00e9reo, a maior trag\u00e9dia do [&hellip;]<\/p>\n","protected":false},"author":1,"featured_media":1064,"comment_status":"open","ping_status":"open","sticky":false,"template":"","format":"standard","meta":{"_monsterinsights_skip_tracking":false,"footnotes":""},"categories":[1],"tags":[],"class_list":["post-1063","post","type-post","status-publish","format-standard","has-post-thumbnail","hentry","category-sem-categoria"],"_links":{"self":[{"href":"https:\/\/gremiovencedor.com.br\/novo\/wp-json\/wp\/v2\/posts\/1063","targetHints":{"allow":["GET"]}}],"collection":[{"href":"https:\/\/gremiovencedor.com.br\/novo\/wp-json\/wp\/v2\/posts"}],"about":[{"href":"https:\/\/gremiovencedor.com.br\/novo\/wp-json\/wp\/v2\/types\/post"}],"author":[{"embeddable":true,"href":"https:\/\/gremiovencedor.com.br\/novo\/wp-json\/wp\/v2\/users\/1"}],"replies":[{"embeddable":true,"href":"https:\/\/gremiovencedor.com.br\/novo\/wp-json\/wp\/v2\/comments?post=1063"}],"version-history":[{"count":0,"href":"https:\/\/gremiovencedor.com.br\/novo\/wp-json\/wp\/v2\/posts\/1063\/revisions"}],"wp:featuredmedia":[{"embeddable":true,"href":"https:\/\/gremiovencedor.com.br\/novo\/wp-json\/wp\/v2\/media\/1064"}],"wp:attachment":[{"href":"https:\/\/gremiovencedor.com.br\/novo\/wp-json\/wp\/v2\/media?parent=1063"}],"wp:term":[{"taxonomy":"category","embeddable":true,"href":"https:\/\/gremiovencedor.com.br\/novo\/wp-json\/wp\/v2\/categories?post=1063"},{"taxonomy":"post_tag","embeddable":true,"href":"https:\/\/gremiovencedor.com.br\/novo\/wp-json\/wp\/v2\/tags?post=1063"}],"curies":[{"name":"wp","href":"https:\/\/api.w.org\/{rel}","templated":true}]}}