{"id":1065,"date":"2016-12-08T12:00:00","date_gmt":"2016-12-08T14:00:00","guid":{"rendered":"https:\/\/gremiovencedor.com.br\/novo\/o-campeao-voltou\/"},"modified":"2016-12-08T12:00:00","modified_gmt":"2016-12-08T14:00:00","slug":"o-campeao-voltou","status":"publish","type":"post","link":"https:\/\/gremiovencedor.com.br\/novo\/o-campeao-voltou\/","title":{"rendered":"O campe\u00e3o voltou!"},"content":{"rendered":"<p>N\u00f3s esperamos tanto tempo por isso! E como foi dif\u00edcil essa espera\u2026 Eu te confesso, Gr\u00eamio, que por vezes quase perdi as esperan\u00e7as. \u00c9 que est\u00e1vamos t\u00e3o ressabiados, que o medo de mais uma frustra\u00e7\u00e3o congelava nosso cora\u00e7\u00e3o. Mas quando o des\u00e2nimo batia, me lembrava de tudo que j\u00e1 vivemos no velho Ol\u00edmpico e meu peito se enchia novamente de confian\u00e7a. Eu sempre acreditei que o Gr\u00eamio Vencedor e Campe\u00e3o voltaria. E que volta! A primeira volta ol\u00edmpica da nossa Arena foi justamente naquela competi\u00e7\u00e3o que somos os maiores especialistas, os \u00fanicos pentacampe\u00f5es: a Copa do Brasil. Quando estava indo em dire\u00e7\u00e3o a nossa nova casa, neste dia 7 de dezembro, um filme passou pela minha cabe\u00e7a. Vi nossa Porto Alegre pintada novamente de azul, preto e branco por todos os cantos. Vi centenas de gremistas desde cedo tomando as ruas do Bairro Humait\u00e1, como se estiv\u00e9ssemos na r\u00f3tula do Papa. E vi muitas crian\u00e7as, que ainda n\u00e3o tinham a ideia do gosto que \u00e9 ser campe\u00e3o, felizes e orgulhosas com as suas camisas tricolores. Confesso que todo esse ambiente me emocionou. Mas sabia que a noite reservaria muito mais para n\u00f3s. O resultado do primeiro jogo, 3 a 1 l\u00e1 no Mineir\u00e3o, deu uma certa tranquilidade. Que nada! Depois da emocionante homenagem para a Chapecoense, quando o juiz apitou o in\u00edcio da partida, o nervosismo voltou com tudo e o rel\u00f3gio simplesmente parou de andar. A gente cantava para acalmar o cora\u00e7\u00e3o! A gente aplaudia a cada jogada para aumentar a confian\u00e7a! Mas a verdade \u00e9 que, se fosse f\u00e1cil, n\u00e3o seria Gr\u00eamio.\u00a0 No intervalo, tentei relaxar. Faltavam apenas 45 minutos para soltar o grito entalado na garganta. Mas a gente queria um golzinho para, enfim, poder come\u00e7ar a festa. E ele veio, quase no apagar das luzes, dos p\u00e9s do equatoriano Bola\u00f1os. Nesse momento, olhei para o lado e vi um senhor chorando copiosamente, igual a uma crian\u00e7a. Olhei para o outro lado e vi um gurizinho, de menos de dois anos, abra\u00e7ado ao pai, emocionado. Naquele momento, cercado de tanta emo\u00e7\u00e3o, tamb\u00e9m n\u00e3o segurei as l\u00e1grimas. O gol do Atl\u00e9tico, nem vi. Dizem que foi uma pintura. Mas foi, sim, o gola\u00e7o mais in\u00fatil da hist\u00f3ria. Porque o t\u00edtulo j\u00e1 era do Gr\u00eamio. Porque, enfim, o campe\u00e3o voltou! Como \u00e9 bom voltar a sentir esse gosto! Como \u00e9 bom passar a madrugada inteira comemorando um t\u00edtulo. Obrigado Gr\u00eamio, por me devolver o prazer de ser gremista! Obrigado mestre Renato, por voltar a fazer o Gr\u00eamio Vencedor! \u00a0 Movimento Gr\u00eamio Vencedor \u00a0 Fotos: Lucas Uebel\/Gr\u00eamio FBPA<\/p>\n","protected":false},"excerpt":{"rendered":"<p>N\u00f3s esperamos tanto tempo por isso! E como foi dif\u00edcil essa espera\u2026 Eu te confesso, Gr\u00eamio, que por vezes quase perdi as esperan\u00e7as. \u00c9 que est\u00e1vamos t\u00e3o ressabiados, que o medo de mais uma frustra\u00e7\u00e3o congelava nosso cora\u00e7\u00e3o. Mas quando o des\u00e2nimo batia, me lembrava de tudo que j\u00e1 vivemos no velho Ol\u00edmpico e meu [&hellip;]<\/p>\n","protected":false},"author":1,"featured_media":1066,"comment_status":"open","ping_status":"open","sticky":false,"template":"","format":"standard","meta":{"_monsterinsights_skip_tracking":false,"footnotes":""},"categories":[1],"tags":[],"class_list":["post-1065","post","type-post","status-publish","format-standard","has-post-thumbnail","hentry","category-sem-categoria"],"_links":{"self":[{"href":"https:\/\/gremiovencedor.com.br\/novo\/wp-json\/wp\/v2\/posts\/1065","targetHints":{"allow":["GET"]}}],"collection":[{"href":"https:\/\/gremiovencedor.com.br\/novo\/wp-json\/wp\/v2\/posts"}],"about":[{"href":"https:\/\/gremiovencedor.com.br\/novo\/wp-json\/wp\/v2\/types\/post"}],"author":[{"embeddable":true,"href":"https:\/\/gremiovencedor.com.br\/novo\/wp-json\/wp\/v2\/users\/1"}],"replies":[{"embeddable":true,"href":"https:\/\/gremiovencedor.com.br\/novo\/wp-json\/wp\/v2\/comments?post=1065"}],"version-history":[{"count":0,"href":"https:\/\/gremiovencedor.com.br\/novo\/wp-json\/wp\/v2\/posts\/1065\/revisions"}],"wp:featuredmedia":[{"embeddable":true,"href":"https:\/\/gremiovencedor.com.br\/novo\/wp-json\/wp\/v2\/media\/1066"}],"wp:attachment":[{"href":"https:\/\/gremiovencedor.com.br\/novo\/wp-json\/wp\/v2\/media?parent=1065"}],"wp:term":[{"taxonomy":"category","embeddable":true,"href":"https:\/\/gremiovencedor.com.br\/novo\/wp-json\/wp\/v2\/categories?post=1065"},{"taxonomy":"post_tag","embeddable":true,"href":"https:\/\/gremiovencedor.com.br\/novo\/wp-json\/wp\/v2\/tags?post=1065"}],"curies":[{"name":"wp","href":"https:\/\/api.w.org\/{rel}","templated":true}]}}