{"id":1067,"date":"2016-12-15T12:00:00","date_gmt":"2016-12-15T14:00:00","guid":{"rendered":"https:\/\/gremiovencedor.com.br\/novo\/mgv-faz-ultima-plenaria-de-2016-em-comemoracao-ao-penta\/"},"modified":"2016-12-15T12:00:00","modified_gmt":"2016-12-15T14:00:00","slug":"mgv-faz-ultima-plenaria-de-2016-em-comemoracao-ao-penta","status":"publish","type":"post","link":"https:\/\/gremiovencedor.com.br\/novo\/mgv-faz-ultima-plenaria-de-2016-em-comemoracao-ao-penta\/","title":{"rendered":"MGV faz \u00faltima Plen\u00e1ria de 2016 em comemora\u00e7\u00e3o ao Penta"},"content":{"rendered":"<p>O Movimento Gr\u00eamio Vencedor \u2013 MGV fez sua \u00faltima plen\u00e1ria de 2016 e a confraterniza\u00e7\u00e3o de final de ano do grupo nesta quarta-feira \u00e0 noite (15). Al\u00e9m da comemora\u00e7\u00e3o pelo pentacampeonato da Copa do Brasil, o evento teve como objetivo avaliar as atividades do MGV durante o ano e projetar 2017. O coordenador Thiago Brunetto destacou o papel do grupo nas \u00faltimas elei\u00e7\u00f5es do clube, quando seis integrantes do Movimento foram eleitos conselheiros para o per\u00edodo de 2016 a 2022: \u2013 Tivemos um final de ano sensacional! Do ponto de vista do MGV, tamb\u00e9m tivemos conquistas importantes, como a elei\u00e7\u00e3o de novos conselheiros. E conseguimos firmar o protagonismo do nosso grupo dentro da pol\u00edtica do clube.\u00a0 Brunetto refor\u00e7ou ainda a postura do Movimento nos pr\u00f3ximos anos de gest\u00e3o do clube: \u2013 Vamos continuar com a nossa atua\u00e7\u00e3o no Conselho de forma atenta e propositiva. Jamais fizemos uma oposi\u00e7\u00e3o irrespons\u00e1vel. Sempre cobramos as coisas corretas. E sabemos da nossa participa\u00e7\u00e3o nesse sentido, cobrando mais investimento no futebol para que o Gr\u00eamio voltasse a ser campe\u00e3o. Fizeram ainda o uso da palavra os conselheiros Ant\u00f4nio Porf\u00edrio de Ara\u00fajo Costa e David Stival, que refor\u00e7aram a import\u00e2ncia do MGV no futuro do clube e sugeriram novas a\u00e7\u00f5es para o Movimento. Na ocasi\u00e3o, tamb\u00e9m foi apresentado o novo integrante Diego Rov\u00e9a. A pr\u00f3xima Plen\u00e1ria ficou marcada para o m\u00eas de mar\u00e7o, em data ainda a ser definida. \u00a0<\/p>\n","protected":false},"excerpt":{"rendered":"<p>O Movimento Gr\u00eamio Vencedor \u2013 MGV fez sua \u00faltima plen\u00e1ria de 2016 e a confraterniza\u00e7\u00e3o de final de ano do grupo nesta quarta-feira \u00e0 noite (15). Al\u00e9m da comemora\u00e7\u00e3o pelo pentacampeonato da Copa do Brasil, o evento teve como objetivo avaliar as atividades do MGV durante o ano e projetar 2017. O coordenador Thiago Brunetto [&hellip;]<\/p>\n","protected":false},"author":1,"featured_media":1068,"comment_status":"open","ping_status":"open","sticky":false,"template":"","format":"standard","meta":{"_monsterinsights_skip_tracking":false,"footnotes":""},"categories":[1],"tags":[],"class_list":["post-1067","post","type-post","status-publish","format-standard","has-post-thumbnail","hentry","category-sem-categoria"],"_links":{"self":[{"href":"https:\/\/gremiovencedor.com.br\/novo\/wp-json\/wp\/v2\/posts\/1067","targetHints":{"allow":["GET"]}}],"collection":[{"href":"https:\/\/gremiovencedor.com.br\/novo\/wp-json\/wp\/v2\/posts"}],"about":[{"href":"https:\/\/gremiovencedor.com.br\/novo\/wp-json\/wp\/v2\/types\/post"}],"author":[{"embeddable":true,"href":"https:\/\/gremiovencedor.com.br\/novo\/wp-json\/wp\/v2\/users\/1"}],"replies":[{"embeddable":true,"href":"https:\/\/gremiovencedor.com.br\/novo\/wp-json\/wp\/v2\/comments?post=1067"}],"version-history":[{"count":0,"href":"https:\/\/gremiovencedor.com.br\/novo\/wp-json\/wp\/v2\/posts\/1067\/revisions"}],"wp:featuredmedia":[{"embeddable":true,"href":"https:\/\/gremiovencedor.com.br\/novo\/wp-json\/wp\/v2\/media\/1068"}],"wp:attachment":[{"href":"https:\/\/gremiovencedor.com.br\/novo\/wp-json\/wp\/v2\/media?parent=1067"}],"wp:term":[{"taxonomy":"category","embeddable":true,"href":"https:\/\/gremiovencedor.com.br\/novo\/wp-json\/wp\/v2\/categories?post=1067"},{"taxonomy":"post_tag","embeddable":true,"href":"https:\/\/gremiovencedor.com.br\/novo\/wp-json\/wp\/v2\/tags?post=1067"}],"curies":[{"name":"wp","href":"https:\/\/api.w.org\/{rel}","templated":true}]}}