{"id":1069,"date":"2017-01-13T12:00:00","date_gmt":"2017-01-13T14:00:00","guid":{"rendered":"https:\/\/gremiovencedor.com.br\/novo\/conselheiro-marco-aurelio-moreira-representa-o-mgv-em-comissao-do-forum\/"},"modified":"2017-01-13T12:00:00","modified_gmt":"2017-01-13T14:00:00","slug":"conselheiro-marco-aurelio-moreira-representa-o-mgv-em-comissao-do-forum","status":"publish","type":"post","link":"https:\/\/gremiovencedor.com.br\/novo\/conselheiro-marco-aurelio-moreira-representa-o-mgv-em-comissao-do-forum\/","title":{"rendered":"Conselheiro Marco Aur\u00e9lio Moreira representa o MGV em comiss\u00e3o do F\u00f3rum"},"content":{"rendered":"<p>O F\u00f3rum de Debates do Conselho Deliberativo do Gr\u00eamio realizou sua primeira reuni\u00e3o de 2017 na noite de segunda-feira (10), com o objetivo de rever as propostas de altera\u00e7\u00e3o estatut\u00e1ria do clube e definir os integrantes da comiss\u00e3o respons\u00e1vel pela elabora\u00e7\u00e3o do Regimento Interno do F\u00f3rum. A indica\u00e7\u00e3o do conselheiro Marco Aur\u00e9lio Mello Moreira para integrar a comiss\u00e3o foi aprovada, representando o Movimento Gr\u00eamio Vencedor \u2013 MGV.\u00a0 \u2013 \u00c9 uma grande satisfa\u00e7\u00e3o e responsabilidade receber a indica\u00e7\u00e3o de representar o MGV para a elabora\u00e7\u00e3o do Regimento Interno do F\u00f3rum dos Movimentos, espa\u00e7o esse democr\u00e1tico e muito relevante para o debate das quest\u00f5es do nosso Gr\u00eamio. Espero junto com os demais colegas gremistas realizar um trabalho muito positivo em prol do desenvolvimento do clube &#8211; destacou Marco Aur\u00e9lio. Fazem parte tamb\u00e9m do grupo de trabalho os seguintes representantes de Movimentos: Paulo C\u00e9sar Timm, Matheus Portella dos Santos, Lu\u00eds Ot\u00e1vio Daloma, Fernando Martini, Thiago Kury, Jeferson Thomas, Carlos Augusto Peixoto Reis, Charles Mayer, e Flavio Ribeiro de Vasconcellos. Caber\u00e1 \u00e0 comiss\u00e3o organizar a forma de estrutura\u00e7\u00e3o do Regimento para posterior apresenta\u00e7\u00e3o ao F\u00f3rum. Um dos coordenadores do Movimento Gr\u00eamio Vencedor e secret\u00e1rio do Conselho Deliberativo, Thiago Brunetto, esteve presente na reuni\u00e3o, assim como os representantes do MGV no F\u00f3rum de Debates, Joel Machado e Wagner Silva. O pr\u00f3ximo encontro ser\u00e1 no dia 14 de fevereiro, \u00e0s 19h, na Arena do Gr\u00eamio.<\/p>\n","protected":false},"excerpt":{"rendered":"<p>O F\u00f3rum de Debates do Conselho Deliberativo do Gr\u00eamio realizou sua primeira reuni\u00e3o de 2017 na noite de segunda-feira (10), com o objetivo de rever as propostas de altera\u00e7\u00e3o estatut\u00e1ria do clube e definir os integrantes da comiss\u00e3o respons\u00e1vel pela elabora\u00e7\u00e3o do Regimento Interno do F\u00f3rum. A indica\u00e7\u00e3o do conselheiro Marco Aur\u00e9lio Mello Moreira para [&hellip;]<\/p>\n","protected":false},"author":1,"featured_media":1070,"comment_status":"open","ping_status":"open","sticky":false,"template":"","format":"standard","meta":{"_monsterinsights_skip_tracking":false,"footnotes":""},"categories":[1],"tags":[],"class_list":["post-1069","post","type-post","status-publish","format-standard","has-post-thumbnail","hentry","category-sem-categoria"],"_links":{"self":[{"href":"https:\/\/gremiovencedor.com.br\/novo\/wp-json\/wp\/v2\/posts\/1069","targetHints":{"allow":["GET"]}}],"collection":[{"href":"https:\/\/gremiovencedor.com.br\/novo\/wp-json\/wp\/v2\/posts"}],"about":[{"href":"https:\/\/gremiovencedor.com.br\/novo\/wp-json\/wp\/v2\/types\/post"}],"author":[{"embeddable":true,"href":"https:\/\/gremiovencedor.com.br\/novo\/wp-json\/wp\/v2\/users\/1"}],"replies":[{"embeddable":true,"href":"https:\/\/gremiovencedor.com.br\/novo\/wp-json\/wp\/v2\/comments?post=1069"}],"version-history":[{"count":0,"href":"https:\/\/gremiovencedor.com.br\/novo\/wp-json\/wp\/v2\/posts\/1069\/revisions"}],"wp:featuredmedia":[{"embeddable":true,"href":"https:\/\/gremiovencedor.com.br\/novo\/wp-json\/wp\/v2\/media\/1070"}],"wp:attachment":[{"href":"https:\/\/gremiovencedor.com.br\/novo\/wp-json\/wp\/v2\/media?parent=1069"}],"wp:term":[{"taxonomy":"category","embeddable":true,"href":"https:\/\/gremiovencedor.com.br\/novo\/wp-json\/wp\/v2\/categories?post=1069"},{"taxonomy":"post_tag","embeddable":true,"href":"https:\/\/gremiovencedor.com.br\/novo\/wp-json\/wp\/v2\/tags?post=1069"}],"curies":[{"name":"wp","href":"https:\/\/api.w.org\/{rel}","templated":true}]}}