{"id":1073,"date":"2017-03-09T12:00:00","date_gmt":"2017-03-09T15:00:00","guid":{"rendered":"https:\/\/gremiovencedor.com.br\/novo\/primeira-plenaria-de-2017-debate-propostas-de-alteracoes-estatutarias\/"},"modified":"2017-03-09T12:00:00","modified_gmt":"2017-03-09T15:00:00","slug":"primeira-plenaria-de-2017-debate-propostas-de-alteracoes-estatutarias","status":"publish","type":"post","link":"https:\/\/gremiovencedor.com.br\/novo\/primeira-plenaria-de-2017-debate-propostas-de-alteracoes-estatutarias\/","title":{"rendered":"Primeira Plen\u00e1ria de 2017 debate propostas de altera\u00e7\u00f5es estatut\u00e1rias"},"content":{"rendered":"<p>O Movimento Gr\u00eamio Vencedor \u2013 MGV esteve reunido na noite de quarta-feira (8) para a sua primeira plen\u00e1ria de 2017. A pauta do encontro foram as propostas de altera\u00e7\u00f5es estatut\u00e1rias formuladas no F\u00f3rum de Debates, e que ser\u00e3o levadas para vota\u00e7\u00e3o na pr\u00f3xima reuni\u00e3o do Conselho Deliberativo do Gr\u00eamio, dia 13 de mar\u00e7o.\u00a0 Os integrantes do MGV discutiram sete propostas:\u00a0 veda\u00e7\u00e3o do ac\u00famulo do cargo de presidente do clube com cargos p\u00fablicos eletivos; previs\u00e3o no Estatuto do Regimento Eleitoral; prazo para exame das demonstra\u00e7\u00f5es financeiras; obrigatoriedade de apresenta\u00e7\u00e3o de Plano de Metas pelo Conselho de Administra\u00e7\u00e3o; inelegibilidade de conselheiro faltante contumaz; redu\u00e7\u00e3o da cl\u00e1usula de barreira, no Conselho Deliberativo, para as chapas na elei\u00e7\u00e3o para o Conselho de Administra\u00e7\u00e3o e cria\u00e7\u00e3o do Portal da Transpar\u00eancia. Ao final da Plen\u00e1ria, Renato Munhoz, um dos coordenadores do Movimento, informou sobre o planejamento financeiro do grupo para este ano. \u00a0<\/p>\n","protected":false},"excerpt":{"rendered":"<p>O Movimento Gr\u00eamio Vencedor \u2013 MGV esteve reunido na noite de quarta-feira (8) para a sua primeira plen\u00e1ria de 2017. A pauta do encontro foram as propostas de altera\u00e7\u00f5es estatut\u00e1rias formuladas no F\u00f3rum de Debates, e que ser\u00e3o levadas para vota\u00e7\u00e3o na pr\u00f3xima reuni\u00e3o do Conselho Deliberativo do Gr\u00eamio, dia 13 de mar\u00e7o.\u00a0 Os integrantes [&hellip;]<\/p>\n","protected":false},"author":1,"featured_media":1074,"comment_status":"open","ping_status":"open","sticky":false,"template":"","format":"standard","meta":{"_monsterinsights_skip_tracking":false,"footnotes":""},"categories":[1],"tags":[],"class_list":["post-1073","post","type-post","status-publish","format-standard","has-post-thumbnail","hentry","category-sem-categoria"],"_links":{"self":[{"href":"https:\/\/gremiovencedor.com.br\/novo\/wp-json\/wp\/v2\/posts\/1073","targetHints":{"allow":["GET"]}}],"collection":[{"href":"https:\/\/gremiovencedor.com.br\/novo\/wp-json\/wp\/v2\/posts"}],"about":[{"href":"https:\/\/gremiovencedor.com.br\/novo\/wp-json\/wp\/v2\/types\/post"}],"author":[{"embeddable":true,"href":"https:\/\/gremiovencedor.com.br\/novo\/wp-json\/wp\/v2\/users\/1"}],"replies":[{"embeddable":true,"href":"https:\/\/gremiovencedor.com.br\/novo\/wp-json\/wp\/v2\/comments?post=1073"}],"version-history":[{"count":0,"href":"https:\/\/gremiovencedor.com.br\/novo\/wp-json\/wp\/v2\/posts\/1073\/revisions"}],"wp:featuredmedia":[{"embeddable":true,"href":"https:\/\/gremiovencedor.com.br\/novo\/wp-json\/wp\/v2\/media\/1074"}],"wp:attachment":[{"href":"https:\/\/gremiovencedor.com.br\/novo\/wp-json\/wp\/v2\/media?parent=1073"}],"wp:term":[{"taxonomy":"category","embeddable":true,"href":"https:\/\/gremiovencedor.com.br\/novo\/wp-json\/wp\/v2\/categories?post=1073"},{"taxonomy":"post_tag","embeddable":true,"href":"https:\/\/gremiovencedor.com.br\/novo\/wp-json\/wp\/v2\/tags?post=1073"}],"curies":[{"name":"wp","href":"https:\/\/api.w.org\/{rel}","templated":true}]}}