{"id":1075,"date":"2017-03-14T12:00:00","date_gmt":"2017-03-14T15:00:00","guid":{"rendered":"https:\/\/gremiovencedor.com.br\/novo\/do-gremio-aprovam-duas-propostas-de-alteracao-estatutaria\/"},"modified":"2017-03-14T12:00:00","modified_gmt":"2017-03-14T15:00:00","slug":"do-gremio-aprovam-duas-propostas-de-alteracao-estatutaria","status":"publish","type":"post","link":"https:\/\/gremiovencedor.com.br\/novo\/do-gremio-aprovam-duas-propostas-de-alteracao-estatutaria\/","title":{"rendered":"do Gr\u00eamio aprovam duas propostas de altera\u00e7\u00e3o estatut\u00e1ria"},"content":{"rendered":"<p>O Conselho Deliberativo do Gr\u00eamio\u00a0esteve reunido na noite de\u00a0segunda-feira (13)\u00a0para deliberar sobre sete propostas de altera\u00e7\u00e3o estatut\u00e1ria, ap\u00f3s parecer da Comiss\u00e3o de Assuntos Legais e Estatut\u00e1rios. As propostas foram as seguintes: N\u00ba 01: Veda\u00e7\u00e3o do ac\u00famulo do cargo de Presidente com cargos p\u00fablicos eletivos;\u00a0 N\u00ba 02: Previs\u00e3o do planejamento estrat\u00e9gico e plano de metas;\u00a0 N\u00ba 03: Inelegibilidade do Conselheiro para cargo eletivo por descumprimento do art. 66, \u00a71\u00ba, do Estatuto (excesso de faltas);\u00a0 N\u00ba 05: Previs\u00e3o no Estatuto do Regulamento Eleitoral;\u00a0 N\u00ba 06: Prazos de an\u00e1lise das demonstra\u00e7\u00f5es financeiras;\u00a0 N\u00ba 08: Redu\u00e7\u00e3o da cl\u00e1usula de barreira para a elei\u00e7\u00e3o do Conselho de Administra\u00e7\u00e3o dentro do Conselho Deliberativo;\u00a0 N\u00ba 09: Cria\u00e7\u00e3o do Portal da Transpar\u00eancia; Ap\u00f3s vota\u00e7\u00e3o, foram aprovadas as propostas N\u00ba 05: Previs\u00e3o no Estatuto do Regulamento Eleitoral; e N\u00ba 06: Prazos de an\u00e1lise das demonstra\u00e7\u00f5es financeiras. As demais n\u00e3o atingiram o n\u00famero suficiente de votos favor\u00e1veis e acabaram rejeitadas. A reuni\u00e3o foi comandada pelo presidente do CD, Carlos Biedermann. O vice-presidente, Paulo Luz, ocupou a mesa principal representando o presidente Romildo Bolzan. As duas propostas de altera\u00e7\u00f5es\u00a0estatut\u00e1rias aprovadas pelo colegiado s\u00f3 far\u00e3o parte do Estatuto ap\u00f3s aprova\u00e7\u00e3o tamb\u00e9m dos associados. Uma Assembleia Geral dever\u00e1 ser convocada no final do ano para vota\u00e7\u00e3o. \u00a0 Fonte: Site do Gr\u00eamio Foto: M\u00e1rcio Neves\/Gr\u00eamio<\/p>\n","protected":false},"excerpt":{"rendered":"<p>O Conselho Deliberativo do Gr\u00eamio\u00a0esteve reunido na noite de\u00a0segunda-feira (13)\u00a0para deliberar sobre sete propostas de altera\u00e7\u00e3o estatut\u00e1ria, ap\u00f3s parecer da Comiss\u00e3o de Assuntos Legais e Estatut\u00e1rios. As propostas foram as seguintes: N\u00ba 01: Veda\u00e7\u00e3o do ac\u00famulo do cargo de Presidente com cargos p\u00fablicos eletivos;\u00a0 N\u00ba 02: Previs\u00e3o do planejamento estrat\u00e9gico e plano de metas;\u00a0 N\u00ba [&hellip;]<\/p>\n","protected":false},"author":1,"featured_media":1076,"comment_status":"open","ping_status":"open","sticky":false,"template":"","format":"standard","meta":{"_monsterinsights_skip_tracking":false,"footnotes":""},"categories":[1],"tags":[],"class_list":["post-1075","post","type-post","status-publish","format-standard","has-post-thumbnail","hentry","category-sem-categoria"],"_links":{"self":[{"href":"https:\/\/gremiovencedor.com.br\/novo\/wp-json\/wp\/v2\/posts\/1075","targetHints":{"allow":["GET"]}}],"collection":[{"href":"https:\/\/gremiovencedor.com.br\/novo\/wp-json\/wp\/v2\/posts"}],"about":[{"href":"https:\/\/gremiovencedor.com.br\/novo\/wp-json\/wp\/v2\/types\/post"}],"author":[{"embeddable":true,"href":"https:\/\/gremiovencedor.com.br\/novo\/wp-json\/wp\/v2\/users\/1"}],"replies":[{"embeddable":true,"href":"https:\/\/gremiovencedor.com.br\/novo\/wp-json\/wp\/v2\/comments?post=1075"}],"version-history":[{"count":0,"href":"https:\/\/gremiovencedor.com.br\/novo\/wp-json\/wp\/v2\/posts\/1075\/revisions"}],"wp:featuredmedia":[{"embeddable":true,"href":"https:\/\/gremiovencedor.com.br\/novo\/wp-json\/wp\/v2\/media\/1076"}],"wp:attachment":[{"href":"https:\/\/gremiovencedor.com.br\/novo\/wp-json\/wp\/v2\/media?parent=1075"}],"wp:term":[{"taxonomy":"category","embeddable":true,"href":"https:\/\/gremiovencedor.com.br\/novo\/wp-json\/wp\/v2\/categories?post=1075"},{"taxonomy":"post_tag","embeddable":true,"href":"https:\/\/gremiovencedor.com.br\/novo\/wp-json\/wp\/v2\/tags?post=1075"}],"curies":[{"name":"wp","href":"https:\/\/api.w.org\/{rel}","templated":true}]}}