{"id":1077,"date":"2017-06-14T12:00:00","date_gmt":"2017-06-14T15:00:00","guid":{"rendered":"https:\/\/gremiovencedor.com.br\/novo\/mgv-reune-se-para-avaliar-primeiro-semestre-de-2017\/"},"modified":"2017-06-14T12:00:00","modified_gmt":"2017-06-14T15:00:00","slug":"mgv-reune-se-para-avaliar-primeiro-semestre-de-2017","status":"publish","type":"post","link":"https:\/\/gremiovencedor.com.br\/novo\/mgv-reune-se-para-avaliar-primeiro-semestre-de-2017\/","title":{"rendered":"MGV re\u00fane-se para avaliar primeiro semestre de 2017"},"content":{"rendered":"<p>O Movimento Gr\u00eamio Vencedor \u2013 MGV esteve reunido na noite de ter\u00e7a-feira (13) para fazer uma avalia\u00e7\u00e3o geral do primeiro semestre de 2017. Um dos coordenadores do MGV, Thiago Brunetto, iniciou a Plen\u00e1ria pedindo que os integrantes das Comiss\u00f5es do Conselho Deliberativo fizessem um relato das atividades desenvolvidas pelos seus grupos.\u00a0 O conselheiro Joel Machado, que esteve na reuni\u00e3o do F\u00f3rum dos Movimentos antes da Plen\u00e1ria do MGV, relatou as delibera\u00e7\u00f5es do encontro, que tratou da aprova\u00e7\u00e3o da reda\u00e7\u00e3o final do seu Estatuto. Joel ainda comentou as atividades da Comiss\u00e3o de Acompanhamento do Planejamento Estrat\u00e9gico, da qual faz parte. Na sequ\u00eancia, os conselheiros Roberto Follador, que integra a Comiss\u00e3o para Assuntos Econ\u00f4mico-Financeiros, e Renato Munhoz, que participa da Comiss\u00e3o de \u00c9tica e Disciplina, relataram as tarefas que est\u00e3o sendo desenvolvidas nos seus grupos de trabalho.\u00a0 Outra pauta debatida no encontro foi a Assembleia Geral com os s\u00f3cios do Gr\u00eamio, a ser realizada no pr\u00f3ximo dia 24, que visa aprovar ou n\u00e3o duas mudan\u00e7as estatut\u00e1rias sugeridas pelo Conselho Deliberativo. As propostas a serem votadas s\u00e3o a de altera\u00e7\u00e3o nas datas das reuni\u00f5es ordin\u00e1rias do Conselho Deliberativo para ajustar o per\u00edodo de an\u00e1lise dos balancetes do clube, adequando-se aos procedimentos do Conselho Fiscal, e a inclus\u00e3o no Estatuto Social da obrigatoriedade da Comiss\u00e3o para Assuntos Eleitorais elaborar o Regimento Eleitoral das elei\u00e7\u00f5es, disciplinando tamb\u00e9m a necessidade de revis\u00e3o do mesmo em todo o ano eleitoral. A vota\u00e7\u00e3o ser\u00e1 realizada na Arena, das 10h \u00e0s 15h, no sagu\u00e3o do Port\u00e3o A. O conselheiro Carlos Valdir Kochhann tamb\u00e9m aproveitou o encontro para contar como foi a festa do Gr\u00eamio realizada recentemente em Tupandi, sua cidade natal, abrindo o debate sobre a atua\u00e7\u00e3o do clube e\u00a0dos consulados no Interior do Estado. Na ocasi\u00e3o, tamb\u00e9m foi dada as boas-vindas ao novo integrante do MGV, Rafael Dias Puerta, que fez uma breve apresenta\u00e7\u00e3o e contou um pouco da sua experi\u00eancia profissional. Renato Moreira, uma das principais lideran\u00e7as do Movimento, encerrou a Plen\u00e1ria exaltando o bom momento do Gr\u00eamio em campo e fazendo uma an\u00e1lise sobre o papel pol\u00edtico do Gr\u00eamio Vencedor: \u2013 Aqui ningu\u00e9m \u00e9 oposi\u00e7\u00e3o ao Gr\u00eamio. N\u00e3o fazemos parte da dire\u00e7\u00e3o e, com isso, mantemos nossa postura independente de apoiar aquilo que est\u00e1 dando certo e de criticar e apontar os erros, com coragem e autonomia. Nosso grupo amadureceu muito e fico feliz e satisfeito com o nosso comprometimento em trabalhar sempre pelo bem do Gr\u00eamio. \u00a0 \u00a0<\/p>\n","protected":false},"excerpt":{"rendered":"<p>O Movimento Gr\u00eamio Vencedor \u2013 MGV esteve reunido na noite de ter\u00e7a-feira (13) para fazer uma avalia\u00e7\u00e3o geral do primeiro semestre de 2017. Um dos coordenadores do MGV, Thiago Brunetto, iniciou a Plen\u00e1ria pedindo que os integrantes das Comiss\u00f5es do Conselho Deliberativo fizessem um relato das atividades desenvolvidas pelos seus grupos.\u00a0 O conselheiro Joel Machado, [&hellip;]<\/p>\n","protected":false},"author":1,"featured_media":1078,"comment_status":"open","ping_status":"open","sticky":false,"template":"","format":"standard","meta":{"_monsterinsights_skip_tracking":false,"footnotes":""},"categories":[1],"tags":[],"class_list":["post-1077","post","type-post","status-publish","format-standard","has-post-thumbnail","hentry","category-sem-categoria"],"_links":{"self":[{"href":"https:\/\/gremiovencedor.com.br\/novo\/wp-json\/wp\/v2\/posts\/1077","targetHints":{"allow":["GET"]}}],"collection":[{"href":"https:\/\/gremiovencedor.com.br\/novo\/wp-json\/wp\/v2\/posts"}],"about":[{"href":"https:\/\/gremiovencedor.com.br\/novo\/wp-json\/wp\/v2\/types\/post"}],"author":[{"embeddable":true,"href":"https:\/\/gremiovencedor.com.br\/novo\/wp-json\/wp\/v2\/users\/1"}],"replies":[{"embeddable":true,"href":"https:\/\/gremiovencedor.com.br\/novo\/wp-json\/wp\/v2\/comments?post=1077"}],"version-history":[{"count":0,"href":"https:\/\/gremiovencedor.com.br\/novo\/wp-json\/wp\/v2\/posts\/1077\/revisions"}],"wp:featuredmedia":[{"embeddable":true,"href":"https:\/\/gremiovencedor.com.br\/novo\/wp-json\/wp\/v2\/media\/1078"}],"wp:attachment":[{"href":"https:\/\/gremiovencedor.com.br\/novo\/wp-json\/wp\/v2\/media?parent=1077"}],"wp:term":[{"taxonomy":"category","embeddable":true,"href":"https:\/\/gremiovencedor.com.br\/novo\/wp-json\/wp\/v2\/categories?post=1077"},{"taxonomy":"post_tag","embeddable":true,"href":"https:\/\/gremiovencedor.com.br\/novo\/wp-json\/wp\/v2\/tags?post=1077"}],"curies":[{"name":"wp","href":"https:\/\/api.w.org\/{rel}","templated":true}]}}