{"id":1079,"date":"2017-06-21T12:00:00","date_gmt":"2017-06-21T15:00:00","guid":{"rendered":"https:\/\/gremiovencedor.com.br\/novo\/nota-oficial-mgv-e-contrario-a-aprovacao-de-alteracao-estatutaria\/"},"modified":"2017-06-21T12:00:00","modified_gmt":"2017-06-21T15:00:00","slug":"nota-oficial-mgv-e-contrario-a-aprovacao-de-alteracao-estatutaria","status":"publish","type":"post","link":"https:\/\/gremiovencedor.com.br\/novo\/nota-oficial-mgv-e-contrario-a-aprovacao-de-alteracao-estatutaria\/","title":{"rendered":"Nota oficial \u2013 MGV \u00e9 contr\u00e1rio \u00e0 aprova\u00e7\u00e3o de altera\u00e7\u00e3o estatut\u00e1ria"},"content":{"rendered":"<p>\u00a0 Prezado associado gremista Neste s\u00e1bado ser\u00e1 realizada Assembleia Geral para vota\u00e7\u00e3o de duas mudan\u00e7as estatut\u00e1rias sugeridas pelo Conselho Deliberativo. As propostas a serem apreciadas s\u00e3o a de altera\u00e7\u00e3o nas datas das reuni\u00f5es ordin\u00e1rias do Conselho Deliberativo para ajustar o per\u00edodo de an\u00e1lise dos balancetes do Clube, adequando-se aos procedimentos do Conselho Fiscal; e a inclus\u00e3o no Estatuto Social da obrigatoriedade da Comiss\u00e3o para Assuntos Eleitorais elaborar o Regimento Eleitoral das elei\u00e7\u00f5es, disciplinando tamb\u00e9m a necessidade de revis\u00e3o do mesmo em todo o ano eleitoral. O atual Regimento Eleitoral do Gr\u00eamio foi redigido ap\u00f3s os flagrantes excessos da chapa situacionista, havidos por ocasi\u00e3o das elei\u00e7\u00f5es de renova\u00e7\u00e3o do Conselho Deliberativo de 2007, tendo por finalidade impedir o abuso do poder econ\u00f4mico, pol\u00edtico e dos meios de comunica\u00e7\u00e3o. J\u00e1 foi utilizado em sucessivas elei\u00e7\u00f5es, sempre servindo para que se coibissem irregularidades, tal como nos pleitos de 2012 (elei\u00e7\u00f5es para a presid\u00eancia) e 2016 (renova\u00e7\u00e3o do Conselho Deliberativo), nos quais as chapas situacionistas, repreendidas pela Comiss\u00e3o Eleitoral em raz\u00e3o de deplor\u00e1veis epis\u00f3dios de \u201cuso da m\u00e1quina\u201d, chegaram ao \u201cp\u00e1tio\u201d sub judice. O sentido do Regimento Eleitoral \u00e9 garantir a participa\u00e7\u00e3o efetiva dos s\u00f3cios nas decis\u00f5es importantes do Clube, evitar o uso da m\u00e1quina administrativa, manter a paridade dos processos eleitorais e impossibilitar que o Gr\u00eamio fique a merc\u00ea de interesses econ\u00f4micos. O Movimento Gr\u00eamio Vencedor \u2013 MGV alerta que a segunda proposta que ser\u00e1 submetida aos associados neste s\u00e1bado, a pretexto de incluir a previs\u00e3o da edi\u00e7\u00e3o do Regimento Eleitoral no Estatuto do Clube, na pr\u00e1tica, p\u00f5e sua finalidade em risco: a obrigatoriedade de sua revis\u00e3o antes de cada processo eleitoral deixa suas regras ao talante da maioria ocasional do Conselho Deliberativo. Nossa posi\u00e7\u00e3o, por isso, \u00e9 contr\u00e1ria \u00e0 aprova\u00e7\u00e3o da altera\u00e7\u00e3o estatut\u00e1ria em quest\u00e3o.\u00a0 A Assembleia Geral ser\u00e1 realizada neste s\u00e1bado, na Arena, das 10h \u00e0s 15h, no sagu\u00e3o do Port\u00e3o A. Est\u00e3o aptos a participar da Assembleia os associados maiores de 16 anos, pertencentes ao quadro social h\u00e1 mais de dois anos ininterruptamente e em situa\u00e7\u00e3o regular, com a mensalidade do m\u00eas de maio de 2017 paga at\u00e9 05 (cinco) de junho de 2017. Acesso ao local de vota\u00e7\u00e3o poder\u00e1 ser pela rampa Oeste. Os associados munidos de sua carteira de S\u00f3cio e exclusivamente para este fim, poder\u00e3o tamb\u00e9m utilizar gratuitamente o estacionamento do Gr\u00eamio (N-1), com entrada pelo port\u00e3o 2 do estacionamento E1. \u00a0<\/p>\n","protected":false},"excerpt":{"rendered":"<p>\u00a0 Prezado associado gremista Neste s\u00e1bado ser\u00e1 realizada Assembleia Geral para vota\u00e7\u00e3o de duas mudan\u00e7as estatut\u00e1rias sugeridas pelo Conselho Deliberativo. As propostas a serem apreciadas s\u00e3o a de altera\u00e7\u00e3o nas datas das reuni\u00f5es ordin\u00e1rias do Conselho Deliberativo para ajustar o per\u00edodo de an\u00e1lise dos balancetes do Clube, adequando-se aos procedimentos do Conselho Fiscal; e a [&hellip;]<\/p>\n","protected":false},"author":1,"featured_media":1080,"comment_status":"open","ping_status":"open","sticky":false,"template":"","format":"standard","meta":{"_monsterinsights_skip_tracking":false,"footnotes":""},"categories":[1],"tags":[],"class_list":["post-1079","post","type-post","status-publish","format-standard","has-post-thumbnail","hentry","category-sem-categoria"],"_links":{"self":[{"href":"https:\/\/gremiovencedor.com.br\/novo\/wp-json\/wp\/v2\/posts\/1079","targetHints":{"allow":["GET"]}}],"collection":[{"href":"https:\/\/gremiovencedor.com.br\/novo\/wp-json\/wp\/v2\/posts"}],"about":[{"href":"https:\/\/gremiovencedor.com.br\/novo\/wp-json\/wp\/v2\/types\/post"}],"author":[{"embeddable":true,"href":"https:\/\/gremiovencedor.com.br\/novo\/wp-json\/wp\/v2\/users\/1"}],"replies":[{"embeddable":true,"href":"https:\/\/gremiovencedor.com.br\/novo\/wp-json\/wp\/v2\/comments?post=1079"}],"version-history":[{"count":0,"href":"https:\/\/gremiovencedor.com.br\/novo\/wp-json\/wp\/v2\/posts\/1079\/revisions"}],"wp:featuredmedia":[{"embeddable":true,"href":"https:\/\/gremiovencedor.com.br\/novo\/wp-json\/wp\/v2\/media\/1080"}],"wp:attachment":[{"href":"https:\/\/gremiovencedor.com.br\/novo\/wp-json\/wp\/v2\/media?parent=1079"}],"wp:term":[{"taxonomy":"category","embeddable":true,"href":"https:\/\/gremiovencedor.com.br\/novo\/wp-json\/wp\/v2\/categories?post=1079"},{"taxonomy":"post_tag","embeddable":true,"href":"https:\/\/gremiovencedor.com.br\/novo\/wp-json\/wp\/v2\/tags?post=1079"}],"curies":[{"name":"wp","href":"https:\/\/api.w.org\/{rel}","templated":true}]}}