{"id":1081,"date":"2017-09-27T12:00:00","date_gmt":"2017-09-27T15:00:00","guid":{"rendered":"https:\/\/gremiovencedor.com.br\/novo\/reuniao-do-mgv-debate-situacao-financeira-do-clube\/"},"modified":"2017-09-27T12:00:00","modified_gmt":"2017-09-27T15:00:00","slug":"reuniao-do-mgv-debate-situacao-financeira-do-clube","status":"publish","type":"post","link":"https:\/\/gremiovencedor.com.br\/novo\/reuniao-do-mgv-debate-situacao-financeira-do-clube\/","title":{"rendered":"Reuni\u00e3o do MGV debate situa\u00e7\u00e3o financeira do clube"},"content":{"rendered":"<p>O Movimento Gr\u00eamio Vencedor \u2013 MGV se reuniu na noite de ter\u00e7a-feira (26) para deliberar algumas quest\u00f5es organizacionais do grupo e debater o andamento das atividades das Comiss\u00f5es do Conselho Deliberativo. Um dos coordenadores, Thiago Brunetto, abriu a Plen\u00e1ria saudando a classifica\u00e7\u00e3o do Gr\u00eamio \u00e0s semifinais da Libertadores e encaminhando a pauta do encontro. O conselheiro Joel Machado, integrante da Comiss\u00e3o de Acompanhamento do Planejamento Estrat\u00e9gico, relatou as atividades desenvolvidas no seu grupo de trabalho. O mesmo fizeram os conselheiros Roberto Follador, que integra a Comiss\u00e3o para Assuntos Econ\u00f4mico-Financeiros, e Renato Munhoz, que participa da Comiss\u00e3o de \u00c9tica e Disciplina.\u00a0 Um dos assuntos debatidos, a partir do relato dos conselheiros, foi a situa\u00e7\u00e3o financeira do clube, que teve um preju\u00edzo l\u00edquido no 1\u00ba semestre de 2017 de R$ 16,3 milh\u00f5es. A necessidade da venda de jogadores, muitas vezes em detrimento aos interesses dentro de campo, causa preocupa\u00e7\u00e3o, visto que a\u00a0 prometida austeridade nas outras \u00e1reas do clube n\u00e3o foi colocada em pr\u00e1tica.\u00a0 Na reuni\u00e3o, foi acordado tamb\u00e9m o formato da confraterniza\u00e7\u00e3o de final de ano do MGV, que ser\u00e1 organizada pelos coordenadores Maur\u00edcio Pedrassani, Renato Munhoz e Thiago Brunetto. \u00a0 \u00a0<\/p>\n","protected":false},"excerpt":{"rendered":"<p>O Movimento Gr\u00eamio Vencedor \u2013 MGV se reuniu na noite de ter\u00e7a-feira (26) para deliberar algumas quest\u00f5es organizacionais do grupo e debater o andamento das atividades das Comiss\u00f5es do Conselho Deliberativo. Um dos coordenadores, Thiago Brunetto, abriu a Plen\u00e1ria saudando a classifica\u00e7\u00e3o do Gr\u00eamio \u00e0s semifinais da Libertadores e encaminhando a pauta do encontro. O [&hellip;]<\/p>\n","protected":false},"author":1,"featured_media":1082,"comment_status":"open","ping_status":"open","sticky":false,"template":"","format":"standard","meta":{"_monsterinsights_skip_tracking":false,"footnotes":""},"categories":[1],"tags":[],"class_list":["post-1081","post","type-post","status-publish","format-standard","has-post-thumbnail","hentry","category-sem-categoria"],"_links":{"self":[{"href":"https:\/\/gremiovencedor.com.br\/novo\/wp-json\/wp\/v2\/posts\/1081","targetHints":{"allow":["GET"]}}],"collection":[{"href":"https:\/\/gremiovencedor.com.br\/novo\/wp-json\/wp\/v2\/posts"}],"about":[{"href":"https:\/\/gremiovencedor.com.br\/novo\/wp-json\/wp\/v2\/types\/post"}],"author":[{"embeddable":true,"href":"https:\/\/gremiovencedor.com.br\/novo\/wp-json\/wp\/v2\/users\/1"}],"replies":[{"embeddable":true,"href":"https:\/\/gremiovencedor.com.br\/novo\/wp-json\/wp\/v2\/comments?post=1081"}],"version-history":[{"count":0,"href":"https:\/\/gremiovencedor.com.br\/novo\/wp-json\/wp\/v2\/posts\/1081\/revisions"}],"wp:featuredmedia":[{"embeddable":true,"href":"https:\/\/gremiovencedor.com.br\/novo\/wp-json\/wp\/v2\/media\/1082"}],"wp:attachment":[{"href":"https:\/\/gremiovencedor.com.br\/novo\/wp-json\/wp\/v2\/media?parent=1081"}],"wp:term":[{"taxonomy":"category","embeddable":true,"href":"https:\/\/gremiovencedor.com.br\/novo\/wp-json\/wp\/v2\/categories?post=1081"},{"taxonomy":"post_tag","embeddable":true,"href":"https:\/\/gremiovencedor.com.br\/novo\/wp-json\/wp\/v2\/tags?post=1081"}],"curies":[{"name":"wp","href":"https:\/\/api.w.org\/{rel}","templated":true}]}}