{"id":1083,"date":"2017-12-06T12:00:00","date_gmt":"2017-12-06T14:00:00","guid":{"rendered":"https:\/\/gremiovencedor.com.br\/novo\/a-america-e-azul-preto-e-branco-mais-uma-vez\/"},"modified":"2017-12-06T12:00:00","modified_gmt":"2017-12-06T14:00:00","slug":"a-america-e-azul-preto-e-branco-mais-uma-vez","status":"publish","type":"post","link":"https:\/\/gremiovencedor.com.br\/novo\/a-america-e-azul-preto-e-branco-mais-uma-vez\/","title":{"rendered":"A Am\u00e9rica \u00e9 azul, preto e branco mais uma vez"},"content":{"rendered":"<p>Ah, Gr\u00eamio&#8230; Dif\u00edcil descrever em palavras o que estamos sentindo nesse momento. Tricampe\u00e3o da Am\u00e9rica!!! Tricampe\u00e3o superando todas as adversidades e malandragem dos argentinos. Tricampe\u00e3o vencendo eles aqui e l\u00e1, com toda a autoridade, em pleno solo hermano, feito at\u00e9 ent\u00e3o s\u00f3 conquistado pelo Santos de Pel\u00e9. Sem nenhuma pretens\u00e3o de fazer compara\u00e7\u00f5es, mas o Gr\u00eamio de Renato Portaluppi tamb\u00e9m merecia entrar para a hist\u00f3ria. Nosso homem gol, nosso maior \u00eddolo, agora \u00e9 tamb\u00e9m o \u00fanico brasileiro a vencer uma Libertadores da Am\u00e9rica como jogador e treinador. Ou dever\u00edamos\u00a0dizer o Gr\u00eamio de Luan, craque da bola, autor de um gola\u00e7o, de uma pintura, que sacramentou nosso t\u00edtulo?\u00a0 A verdade \u00e9 que este Gr\u00eamio hist\u00f3rico, que nunca mais sair\u00e1 da nossa mem\u00f3ria, n\u00e3o pode ser resumido a apenas um ou dois nomes. Seria muita injusti\u00e7a n\u00e3o reverenciar Marcelo Grohe e sua defesa a la Gordon Banks. Como n\u00e3o destacar a eleg\u00e2ncia e o futebol de encher os olhos do nosso menino Arthur? Bah, e a nossa dupla de zaga Geromel e Kanemann, dois monstros com o manto sagrado. Sem esquecer do Bressan, que entrou na grande decis\u00e3o e foi um gigante. Do Barrios, que fez aquele gol salvador nas quartas de final contra o Botafogo. Da ra\u00e7a do Edilson. Do Cortez, que tomou conta da posi\u00e7\u00e3o. Do Jailson, que n\u00e3o sentiu o peso da camisa. Do nosso pequeno gigante Ramiro, gremista de cora\u00e7\u00e3o. Do Fernandinho, que mesmo n\u00e3o jogando pelo seu lado preferencial, se entregou dentro de campo e marcou o primeiro gol da final\u00edssima contra o Lan\u00fas. Do nosso capit\u00e3o Maicon, que mesmo recuperado de les\u00e3o, mostrou grandeza ao reconhecer e aceitar a reserva pelo bom momento dos colegas de posi\u00e7\u00e3o. Tem ainda o Pedro Rocha, que mesmo tendo sido vendido antes das finais, foi fundamental nesta campanha. S\u00e3o tantos destaques&#8230; At\u00e9 mesmo do banco de reservas. C\u00edcero, autor do gol no primeiro jogo. Jael, que deu aquela assist\u00eancia na medida para come\u00e7armos a transformar o sonho em realidade. Everton, nosso Cebolinha endiabrado. Michel, um gigante na dobradinha com Arthur. L\u00e9o Moura, Marcelo Oliveira\u2026 Todos honraram a camisa tricolor.\u00a0 Esperamos 22 anos para pintar novamente a Am\u00e9rica de azul, preto e branco. Esperamos pacientemente, e sem deixar o nosso amor diminuir um mil\u00edmetro sequer, para ver Porto Alegre paralisar, com uma multid\u00e3o de azul chorando e comemorando o retorno do Gr\u00eamio Vencedor. As imagens da multid\u00e3o virando a noite na Goethe, amanhecendo no aeroporto Salgado Filho e colorindo de azul as ruas da cidade estar\u00e3o para sempre nas nossas retinas e no nosso cora\u00e7\u00e3o. Ah Gr\u00eamio, o orgulho que sentimos\u00a0de ti \u00e9 t\u00e3o grande, \u00e9 t\u00e3o gigante, que n\u00e3o cabe neste mundo! Nem mesmo neste planeta!\u00a0 #N\u00f3sVamosAcabarComOPlaneta Movimento Gr\u00eamio Vencedor \u00a0 Campanha do Gr\u00eamio TRICAMPE\u00c3O da Am\u00e9rica Zamora 0 x 2 Gr\u00eamio \u00a0 Gr\u00eamio 3 x 2 Deportes Iquique \u00a0 Guaran\u00ed 1 x 1 Gr\u00eamio \u00a0 Gr\u00eamio 4 x 1 Guaran\u00ed \u00a0 Deportes Iquique 2 x 1 Gr\u00eamio \u00a0 Gr\u00eamio 4 x 0 Zamora \u00a0 Oitavas de Final da Libertadores 2017 &#8211; Chave F Godoy Cruz 0 x 1 Gr\u00eamio \u00a0 Gr\u00eamio 2 x 1 Godoy Cruz \u00a0 Quartas de Final da Libertadores 2017 &#8211; Chave S3 Botafogo 0 x 0 Gr\u00eamio \u00a0 Gr\u00eamio 1 x 0 Botafogo \u00a0 Semifinal da Libertadores 2017 &#8211; Chave F2 Barcelona de Guayaquil 0 x 3 Gr\u00eamio \u00a0 Gr\u00eamio 0 x 1 Barcelona de Guayaquil \u00a0 Final da Libertadores 2017 Gr\u00eamio 1 x 0 Lan\u00fas \u00a0 Lan\u00fas 1 x 2 Gr\u00eamio \u00a0 \u00a0 Fotos: Lucas Uebel\/Gr\u00eamio \u00a0<\/p>\n","protected":false},"excerpt":{"rendered":"<p>Ah, Gr\u00eamio&#8230; Dif\u00edcil descrever em palavras o que estamos sentindo nesse momento. Tricampe\u00e3o da Am\u00e9rica!!! Tricampe\u00e3o superando todas as adversidades e malandragem dos argentinos. Tricampe\u00e3o vencendo eles aqui e l\u00e1, com toda a autoridade, em pleno solo hermano, feito at\u00e9 ent\u00e3o s\u00f3 conquistado pelo Santos de Pel\u00e9. Sem nenhuma pretens\u00e3o de fazer compara\u00e7\u00f5es, mas o [&hellip;]<\/p>\n","protected":false},"author":1,"featured_media":1084,"comment_status":"open","ping_status":"open","sticky":false,"template":"","format":"standard","meta":{"_monsterinsights_skip_tracking":false,"footnotes":""},"categories":[1],"tags":[],"class_list":["post-1083","post","type-post","status-publish","format-standard","has-post-thumbnail","hentry","category-sem-categoria"],"_links":{"self":[{"href":"https:\/\/gremiovencedor.com.br\/novo\/wp-json\/wp\/v2\/posts\/1083","targetHints":{"allow":["GET"]}}],"collection":[{"href":"https:\/\/gremiovencedor.com.br\/novo\/wp-json\/wp\/v2\/posts"}],"about":[{"href":"https:\/\/gremiovencedor.com.br\/novo\/wp-json\/wp\/v2\/types\/post"}],"author":[{"embeddable":true,"href":"https:\/\/gremiovencedor.com.br\/novo\/wp-json\/wp\/v2\/users\/1"}],"replies":[{"embeddable":true,"href":"https:\/\/gremiovencedor.com.br\/novo\/wp-json\/wp\/v2\/comments?post=1083"}],"version-history":[{"count":0,"href":"https:\/\/gremiovencedor.com.br\/novo\/wp-json\/wp\/v2\/posts\/1083\/revisions"}],"wp:featuredmedia":[{"embeddable":true,"href":"https:\/\/gremiovencedor.com.br\/novo\/wp-json\/wp\/v2\/media\/1084"}],"wp:attachment":[{"href":"https:\/\/gremiovencedor.com.br\/novo\/wp-json\/wp\/v2\/media?parent=1083"}],"wp:term":[{"taxonomy":"category","embeddable":true,"href":"https:\/\/gremiovencedor.com.br\/novo\/wp-json\/wp\/v2\/categories?post=1083"},{"taxonomy":"post_tag","embeddable":true,"href":"https:\/\/gremiovencedor.com.br\/novo\/wp-json\/wp\/v2\/tags?post=1083"}],"curies":[{"name":"wp","href":"https:\/\/api.w.org\/{rel}","templated":true}]}}