{"id":1085,"date":"2017-12-07T12:00:00","date_gmt":"2017-12-07T14:00:00","guid":{"rendered":"https:\/\/gremiovencedor.com.br\/novo\/mgv-faz-ultima-reuniao-do-ano-em-comemoracao-ao-tri-da-america\/"},"modified":"2017-12-07T12:00:00","modified_gmt":"2017-12-07T14:00:00","slug":"mgv-faz-ultima-reuniao-do-ano-em-comemoracao-ao-tri-da-america","status":"publish","type":"post","link":"https:\/\/gremiovencedor.com.br\/novo\/mgv-faz-ultima-reuniao-do-ano-em-comemoracao-ao-tri-da-america\/","title":{"rendered":"MGV faz \u00faltima reuni\u00e3o do ano em comemora\u00e7\u00e3o ao Tri da Am\u00e9rica"},"content":{"rendered":"<p>O Movimento Gr\u00eamio Vencedor \u2013 MGV fez sua confraterniza\u00e7\u00e3o de final de ano na noite da \u00faltima quarta-feira (6), em comemora\u00e7\u00e3o ao t\u00edtulo do tricampeonato da Libertadores da Am\u00e9rica. Um dos coordenadores do Movimento, Thiago Brunetto, iniciou o encontro destacando que este \u00e9 o melhor final de ano que se poderia esperar: \u2013 N\u00e3o participamos desta gest\u00e3o pelos motivos que todos n\u00f3s conhecemos, mas esta vit\u00f3ria \u00e9 tamb\u00e9m nossa, porque acima de tudo somos gremistas, e porque sempre trabalhamos para o retorno deste Gr\u00eamio Vencedor que n\u00f3s vimos jogar na Argentina. Esse \u00e9 o Gr\u00eamio que queremos, esse \u00e9 o Gr\u00eamio que n\u00f3s conhecemos. O Gr\u00eamio que nunca desiste e que tem o esp\u00edrito de botar ta\u00e7a no arm\u00e1rio. Em seguida, o conselheiro David Stival fez sua manifesta\u00e7\u00e3o, tamb\u00e9m saudando a conquista do Tri da Am\u00e9rica, e destacando que n\u00e3o \u00e9 o momento de projetar quest\u00f5es pol\u00edticas, e sim de comemorar as conquistas dentro de campo. David refor\u00e7ou a import\u00e2ncia de ver o MGV \u201ccada vez mais unido e coeso nos seus ideais e convic\u00e7\u00f5es\u201d. O conselheiro Anderson Zanella aproveitou a ocasi\u00e3o para relembrar e destacar o trabalho de v\u00e1rios integrantes do MGV na gest\u00e3o F\u00e1bio Koff: \u2013 Para que a gente entenda onde estamos hoje \u00e9 importante voltar um pouco ao passado. O que n\u00f3s passamos l\u00e1 atr\u00e1s foi primordial para que pud\u00e9ssemos colher estes frutos agora. Quando vencemos esta Libertadores na Argentina, passou um filme na cabe\u00e7a de tudo o que fizemos\u00a0 pelo clube. Desde as contrata\u00e7\u00f5es do Fernandinho e do Luan e os investimentos na base, trabalho do Chitolina quando estava no departamento futebol, at\u00e9 o trabalho do Renato Moreira no conselho de administra\u00e7\u00e3o, do David Stival na base e do Marco Mello Moreira, Maur\u00edcio Pedrassani, Renato Munhoz, Renato Paese e Thiago Brunetto no departamento jur\u00eddico. A gente faz parte, sim, deste processo que deu o tricampeonato ao Gr\u00eamio. Todos estes merecem o nosso reconhecimento. E temos que destacar ainda o trabalho incans\u00e1vel do Luciano Hocsman na Federa\u00e7\u00e3o Ga\u00facha de Futebol.\u00a0 Renato Moreira, uma das principais lideran\u00e7as do Grupo, destacou na sua fala a felicidade em voltar a ver o Gr\u00eamio conquistando t\u00edtulos e a satisfa\u00e7\u00e3o em ver o Gr\u00eamio Vencedor cada vez mais maduro e unido: \u2013 A nossa ess\u00eancia \u00e9tica e de gremismo se manteve intacta. Um clube n\u00e3o \u00e9 uma gest\u00e3o s\u00f3, \u00e9 uma continuidade. E tudo o que est\u00e1 acontecendo agora tamb\u00e9m tem o nosso trabalho, n\u00e3o s\u00f3 na participa\u00e7\u00e3o direta na gest\u00e3o passada, mas tamb\u00e9m na participa\u00e7\u00e3o no Conselho, pela forma independente como n\u00f3s nos posicionamos. Vamos continuar fazendo o contraponto, que \u00e9 indispens\u00e1vel para um clube da grandeza do Gr\u00eamio, e\u00a0 agindo da mesma maneira, com retid\u00e3o, \u00e9tica e compromisso com o Gr\u00eamio Foot-Ball Porto Alegrense e com o seu torcedor. O Gr\u00eamio \u00e9 essa pot\u00eancia hoje gra\u00e7as ao conjunto de for\u00e7as de todos n\u00f3s, gremistas do Conselho ou da arquibancada. E tomara que possamos comemorar em seguida o Bi Mundial, que pode ser sonhar alto demais\u2026 mas n\u00e3o duvidem do Gr\u00eamio. A reuni\u00e3o de confraterniza\u00e7\u00e3o de final de ano tamb\u00e9m teve a apresenta\u00e7\u00e3o de um novo integrante: Bruno Ost, de Canoas, que j\u00e1 acompanhava o Movimento atrav\u00e9s de amigos: \u2013 Sempre tive vontade de participar de alguma forma do Gr\u00eamio. Espero poder ajudar com ideias que nos levem a conquistar o tetra, o penta e tudo o que mais vier. \u00a0<\/p>\n","protected":false},"excerpt":{"rendered":"<p>O Movimento Gr\u00eamio Vencedor \u2013 MGV fez sua confraterniza\u00e7\u00e3o de final de ano na noite da \u00faltima quarta-feira (6), em comemora\u00e7\u00e3o ao t\u00edtulo do tricampeonato da Libertadores da Am\u00e9rica. Um dos coordenadores do Movimento, Thiago Brunetto, iniciou o encontro destacando que este \u00e9 o melhor final de ano que se poderia esperar: \u2013 N\u00e3o participamos [&hellip;]<\/p>\n","protected":false},"author":1,"featured_media":1086,"comment_status":"open","ping_status":"open","sticky":false,"template":"","format":"standard","meta":{"_monsterinsights_skip_tracking":false,"footnotes":""},"categories":[1],"tags":[],"class_list":["post-1085","post","type-post","status-publish","format-standard","has-post-thumbnail","hentry","category-sem-categoria"],"_links":{"self":[{"href":"https:\/\/gremiovencedor.com.br\/novo\/wp-json\/wp\/v2\/posts\/1085","targetHints":{"allow":["GET"]}}],"collection":[{"href":"https:\/\/gremiovencedor.com.br\/novo\/wp-json\/wp\/v2\/posts"}],"about":[{"href":"https:\/\/gremiovencedor.com.br\/novo\/wp-json\/wp\/v2\/types\/post"}],"author":[{"embeddable":true,"href":"https:\/\/gremiovencedor.com.br\/novo\/wp-json\/wp\/v2\/users\/1"}],"replies":[{"embeddable":true,"href":"https:\/\/gremiovencedor.com.br\/novo\/wp-json\/wp\/v2\/comments?post=1085"}],"version-history":[{"count":0,"href":"https:\/\/gremiovencedor.com.br\/novo\/wp-json\/wp\/v2\/posts\/1085\/revisions"}],"wp:featuredmedia":[{"embeddable":true,"href":"https:\/\/gremiovencedor.com.br\/novo\/wp-json\/wp\/v2\/media\/1086"}],"wp:attachment":[{"href":"https:\/\/gremiovencedor.com.br\/novo\/wp-json\/wp\/v2\/media?parent=1085"}],"wp:term":[{"taxonomy":"category","embeddable":true,"href":"https:\/\/gremiovencedor.com.br\/novo\/wp-json\/wp\/v2\/categories?post=1085"},{"taxonomy":"post_tag","embeddable":true,"href":"https:\/\/gremiovencedor.com.br\/novo\/wp-json\/wp\/v2\/tags?post=1085"}],"curies":[{"name":"wp","href":"https:\/\/api.w.org\/{rel}","templated":true}]}}