{"id":1087,"date":"2018-03-07T12:00:00","date_gmt":"2018-03-07T15:00:00","guid":{"rendered":"https:\/\/gremiovencedor.com.br\/novo\/mgv-faz-primeira-plenaria-de-2018\/"},"modified":"2018-03-07T12:00:00","modified_gmt":"2018-03-07T15:00:00","slug":"mgv-faz-primeira-plenaria-de-2018","status":"publish","type":"post","link":"https:\/\/gremiovencedor.com.br\/novo\/mgv-faz-primeira-plenaria-de-2018\/","title":{"rendered":"MGV faz primeira plen\u00e1ria de 2018"},"content":{"rendered":"<p>O Movimento Gr\u00eamio Vencedor \u2013 MGV esteve reunido na noite de ter\u00e7a-feira (6) para a sua primeira plen\u00e1ria de 2018. Dentre as pautas do encontro esteve a proposta de altera\u00e7\u00e3o estatut\u00e1ria que torna obrigat\u00f3ria a Diploma\u00e7\u00e3o dos Conselheiros e dos membros do Conselho de Administra\u00e7\u00e3o, que ser\u00e1 apreciada na pr\u00f3xima reuni\u00e3o do Conselho Deliberativo, quinta-feira, dia 8 de mar\u00e7o. O MGV entende ser desnecess\u00e1ria e pouco significativa tal proposta, de modo que n\u00e3o apoiar\u00e1 sua aprova\u00e7\u00e3o. A reuni\u00e3o do CD ainda prev\u00ea como Ordem do Dia a Apresenta\u00e7\u00e3o dos Relat\u00f3rios das Comiss\u00f5es de Marketing e de Futebol do Conselho Deliberativo; o Resultado da pesquisa de satisfa\u00e7\u00e3o do CD e a\u00a0 Apresenta\u00e7\u00e3o de proposta do Regimento Eleitoral. Na Plen\u00e1ria tamb\u00e9m foi debatida a sugest\u00e3o do F\u00f3rum dos Movimentos de realiza\u00e7\u00e3o de um evento dos movimentos pol\u00edticos do clube, a ser realizado em setembro, que ser\u00e1 pauta de reuni\u00e3o do F\u00f3rum no pr\u00f3ximo dia 13 de mar\u00e7o. O conselheiro Joel Machado explicou a proposta do evento e outras a\u00e7\u00f5es que est\u00e3o sendo sugeridas. Uma das principais lideran\u00e7as do MGV, Renato Moreira finalizou a reuni\u00e3o fazendo algumas pondera\u00e7\u00f5es sobre as elei\u00e7\u00f5es do Conselho Deliberativo em 2019. No encontro, tamb\u00e9m foram apresentados dois novos integrantes do Movimento: \u00c1lvaro Neto e Marcelo Fagundes. \u00a0 \u00a0<\/p>\n","protected":false},"excerpt":{"rendered":"<p>O Movimento Gr\u00eamio Vencedor \u2013 MGV esteve reunido na noite de ter\u00e7a-feira (6) para a sua primeira plen\u00e1ria de 2018. Dentre as pautas do encontro esteve a proposta de altera\u00e7\u00e3o estatut\u00e1ria que torna obrigat\u00f3ria a Diploma\u00e7\u00e3o dos Conselheiros e dos membros do Conselho de Administra\u00e7\u00e3o, que ser\u00e1 apreciada na pr\u00f3xima reuni\u00e3o do Conselho Deliberativo, quinta-feira, [&hellip;]<\/p>\n","protected":false},"author":1,"featured_media":1088,"comment_status":"open","ping_status":"open","sticky":false,"template":"","format":"standard","meta":{"_monsterinsights_skip_tracking":false,"footnotes":""},"categories":[1],"tags":[],"class_list":["post-1087","post","type-post","status-publish","format-standard","has-post-thumbnail","hentry","category-sem-categoria"],"_links":{"self":[{"href":"https:\/\/gremiovencedor.com.br\/novo\/wp-json\/wp\/v2\/posts\/1087","targetHints":{"allow":["GET"]}}],"collection":[{"href":"https:\/\/gremiovencedor.com.br\/novo\/wp-json\/wp\/v2\/posts"}],"about":[{"href":"https:\/\/gremiovencedor.com.br\/novo\/wp-json\/wp\/v2\/types\/post"}],"author":[{"embeddable":true,"href":"https:\/\/gremiovencedor.com.br\/novo\/wp-json\/wp\/v2\/users\/1"}],"replies":[{"embeddable":true,"href":"https:\/\/gremiovencedor.com.br\/novo\/wp-json\/wp\/v2\/comments?post=1087"}],"version-history":[{"count":0,"href":"https:\/\/gremiovencedor.com.br\/novo\/wp-json\/wp\/v2\/posts\/1087\/revisions"}],"wp:featuredmedia":[{"embeddable":true,"href":"https:\/\/gremiovencedor.com.br\/novo\/wp-json\/wp\/v2\/media\/1088"}],"wp:attachment":[{"href":"https:\/\/gremiovencedor.com.br\/novo\/wp-json\/wp\/v2\/media?parent=1087"}],"wp:term":[{"taxonomy":"category","embeddable":true,"href":"https:\/\/gremiovencedor.com.br\/novo\/wp-json\/wp\/v2\/categories?post=1087"},{"taxonomy":"post_tag","embeddable":true,"href":"https:\/\/gremiovencedor.com.br\/novo\/wp-json\/wp\/v2\/tags?post=1087"}],"curies":[{"name":"wp","href":"https:\/\/api.w.org\/{rel}","templated":true}]}}