{"id":1089,"date":"2018-03-24T12:00:00","date_gmt":"2018-03-24T15:00:00","guid":{"rendered":"https:\/\/gremiovencedor.com.br\/novo\/mgv-repudia-atos-de-censura-na-arena-do-gremio\/"},"modified":"2018-03-24T12:00:00","modified_gmt":"2018-03-24T15:00:00","slug":"mgv-repudia-atos-de-censura-na-arena-do-gremio","status":"publish","type":"post","link":"https:\/\/gremiovencedor.com.br\/novo\/mgv-repudia-atos-de-censura-na-arena-do-gremio\/","title":{"rendered":"MGV repudia atos de censura na Arena do Gr\u00eamio"},"content":{"rendered":"<p>O Movimento Gr\u00eamio Vencedor &#8211; MGV vem a p\u00fablico manifestar seu rep\u00fadio \u00e0 proibi\u00e7\u00e3o de faixas ou cartazes em homenagem \u00e0 vereadora Marielle Franco e seu motorista, Anderson Pedro Gomes, assassinados no dia 14 de mar\u00e7o, no Rio de Janeiro. No \u00faltimo final de semana, durante o primeiro Gre-Nal das quartas de final do Gauch\u00e3o, a torcida gremista Tribuna 77 foi obrigada a retirar faixas com dizeres em homenagem \u00e0 vereadora. Outros casos semelhantes aconteceram em est\u00e1dios do pa\u00eds com a justificativa de que s\u00e3o vetadas manifesta\u00e7\u00f5es pol\u00edticas. O MGV defende a liberdade de express\u00e3o e espera que atitudes como estas n\u00e3o ocorram mais na Arena do Gr\u00eamio. A liberdade de express\u00e3o \u00e9 um direito constitucional, garantido pela Lei Maior (art. 5\u00ba , inciso IV). Al\u00e9m disso, de acordo com o Art. 13\u00aa do Estatuto do Torcedor, as \u00fanicas proibi\u00e7\u00f5es s\u00e3o para &#8220;cartazes, bandeiras, s\u00edmbolos ou outros sinais com mensagens ofensivas, inclusive de car\u00e1ter racista ou xen\u00f3fobo&#8221;, o que n\u00e3o se aplica neste caso.\u00a0 \u00a0<\/p>\n","protected":false},"excerpt":{"rendered":"<p>O Movimento Gr\u00eamio Vencedor &#8211; MGV vem a p\u00fablico manifestar seu rep\u00fadio \u00e0 proibi\u00e7\u00e3o de faixas ou cartazes em homenagem \u00e0 vereadora Marielle Franco e seu motorista, Anderson Pedro Gomes, assassinados no dia 14 de mar\u00e7o, no Rio de Janeiro. No \u00faltimo final de semana, durante o primeiro Gre-Nal das quartas de final do Gauch\u00e3o, [&hellip;]<\/p>\n","protected":false},"author":1,"featured_media":1090,"comment_status":"open","ping_status":"open","sticky":false,"template":"","format":"standard","meta":{"_monsterinsights_skip_tracking":false,"footnotes":""},"categories":[1],"tags":[],"class_list":["post-1089","post","type-post","status-publish","format-standard","has-post-thumbnail","hentry","category-sem-categoria"],"_links":{"self":[{"href":"https:\/\/gremiovencedor.com.br\/novo\/wp-json\/wp\/v2\/posts\/1089","targetHints":{"allow":["GET"]}}],"collection":[{"href":"https:\/\/gremiovencedor.com.br\/novo\/wp-json\/wp\/v2\/posts"}],"about":[{"href":"https:\/\/gremiovencedor.com.br\/novo\/wp-json\/wp\/v2\/types\/post"}],"author":[{"embeddable":true,"href":"https:\/\/gremiovencedor.com.br\/novo\/wp-json\/wp\/v2\/users\/1"}],"replies":[{"embeddable":true,"href":"https:\/\/gremiovencedor.com.br\/novo\/wp-json\/wp\/v2\/comments?post=1089"}],"version-history":[{"count":0,"href":"https:\/\/gremiovencedor.com.br\/novo\/wp-json\/wp\/v2\/posts\/1089\/revisions"}],"wp:featuredmedia":[{"embeddable":true,"href":"https:\/\/gremiovencedor.com.br\/novo\/wp-json\/wp\/v2\/media\/1090"}],"wp:attachment":[{"href":"https:\/\/gremiovencedor.com.br\/novo\/wp-json\/wp\/v2\/media?parent=1089"}],"wp:term":[{"taxonomy":"category","embeddable":true,"href":"https:\/\/gremiovencedor.com.br\/novo\/wp-json\/wp\/v2\/categories?post=1089"},{"taxonomy":"post_tag","embeddable":true,"href":"https:\/\/gremiovencedor.com.br\/novo\/wp-json\/wp\/v2\/tags?post=1089"}],"curies":[{"name":"wp","href":"https:\/\/api.w.org\/{rel}","templated":true}]}}