{"id":1091,"date":"2018-05-10T12:00:00","date_gmt":"2018-05-10T15:00:00","guid":{"rendered":"https:\/\/gremiovencedor.com.br\/novo\/nota-de-pesar-fabio-koff\/"},"modified":"2018-05-10T12:00:00","modified_gmt":"2018-05-10T15:00:00","slug":"nota-de-pesar-fabio-koff","status":"publish","type":"post","link":"https:\/\/gremiovencedor.com.br\/novo\/nota-de-pesar-fabio-koff\/","title":{"rendered":"Nota de pesar &#8211; F\u00e1bio Koff"},"content":{"rendered":"<p>\u00a0 Perdemos nesta quinta-feira (10\/5) um dos maiores dirigentes do futebol brasileiro, o vitorioso presidente F\u00e1bio Koff. Mas seu legado estar\u00e1 para sempre na nossa mem\u00f3ria e no nosso cora\u00e7\u00e3o tricolor! Descanse em paz, campe\u00e3o!\u00a0 \u00a0 \u00a0 \u00a0 Hist\u00f3ria de Koff esteve sempre ligada ao Gr\u00eamio F\u00e1bio Andr\u00e9 Koff, 86 anos, morreu no\u00a0Hospital Moinhos de Vento, onde estava internado desde quarta-feira\u00a0com um quadro de infec\u00e7\u00e3o generalizada.\u00a0Nascido em 13 de maio de 1931, em Bento Gon\u00e7alves, Koff era advogado, magistrado e\u00a0professor. Foi\u00a0secret\u00e1rio especial do governo Pedro Simon, presidente da Corsan e tr\u00eas vezes presidente do Gr\u00eamio. A chegada ao Gr\u00eamio foi em 1975, aos 44 anos. No ano seguinte, Koff elegeu-se como vice de futebol na chapa do presidente H\u00e9lio Dourado. Permaneceu no cargo por pouco tempo, sendo substitu\u00eddo por N\u00e9lson Olmedo. No final de 1980, concorreu a presidente e foi derrotado por Dourado. Seria eleito em 1981, contra Rafael Bandeira.\u00a0Em 1982, a perda dos t\u00edtulos ga\u00fachos, para o Inter, e do Brasileir\u00e3o, para o Flamengo, lhe rendeu cr\u00edticas da torcida, mas o seu trabalho teve continuidade.\u00a0 A resposta veio com a\u00a0conquista da Libertadores e do Mundial no ano seguinte, fatos que reabilitaram sua imagem e o colocaram em definitivo na hist\u00f3ria do clube. Entre 1990 e 1992, atuou como presidente do Conselho Deliberativo. A segunda passagem de Koff pela presid\u00eancia, entre 1993 e 1996, marcou um dos momentos futebol\u00edsticos mais fecundos do clube. Ao lado do t\u00e9cnico Luiz Felipe Scolari, a quem contratou na metade do ano, o dirigente construiu o time que venceria competi\u00e7\u00f5es como a Copa do Brasil (1994), Libertadores (1995) e Recopa Sul-Americana e Brasileir\u00e3o (1996). Ao deixar o Gr\u00eamio, assumiu ent\u00e3o o Clube dos 13, onde ganhou prest\u00edgio por elevar o valor da cota paga pela TV aos participantes do Brasileir\u00e3o e permaneceu at\u00e9 2012, de onde s\u00f3 saiu para concorrer outra vez \u00e0 presid\u00eancia do Gr\u00eamio, na qual derrotaria Paulo Odone.\u00a0 Ao reconduzi-lo ao comando do clube, com 7.695 votos, os associados apostavam na retomada da conquista dos t\u00edtulos, o que n\u00e3o aconteceria, apesar dos altos investimentos no futebol. Durante os dois anos de seu mandato, o ex-dirigente ocupou-se em renegociar o contrato com a OAS, em bases que n\u00e3o comprometessem tanto as finan\u00e7as do clube. Koff foi muito importante tamb\u00e9m na decis\u00e3o de n\u00e3o entregar o Est\u00e1dio Ol\u00edmpico na negocia\u00e7\u00e3o com a construtora. F\u00e1bio Koff deixa a mulher, Ivone, os filhos F\u00e1bio Koff J\u00fanior e Alexandre e quatro netas. #gr\u00eamio\u00a0#ripkoff\u00a0#fabiokoff<\/p>\n","protected":false},"excerpt":{"rendered":"<p>\u00a0 Perdemos nesta quinta-feira (10\/5) um dos maiores dirigentes do futebol brasileiro, o vitorioso presidente F\u00e1bio Koff. Mas seu legado estar\u00e1 para sempre na nossa mem\u00f3ria e no nosso cora\u00e7\u00e3o tricolor! Descanse em paz, campe\u00e3o!\u00a0 \u00a0 \u00a0 \u00a0 Hist\u00f3ria de Koff esteve sempre ligada ao Gr\u00eamio F\u00e1bio Andr\u00e9 Koff, 86 anos, morreu no\u00a0Hospital Moinhos de [&hellip;]<\/p>\n","protected":false},"author":1,"featured_media":1092,"comment_status":"open","ping_status":"open","sticky":false,"template":"","format":"standard","meta":{"_monsterinsights_skip_tracking":false,"footnotes":""},"categories":[1],"tags":[],"class_list":["post-1091","post","type-post","status-publish","format-standard","has-post-thumbnail","hentry","category-sem-categoria"],"_links":{"self":[{"href":"https:\/\/gremiovencedor.com.br\/novo\/wp-json\/wp\/v2\/posts\/1091","targetHints":{"allow":["GET"]}}],"collection":[{"href":"https:\/\/gremiovencedor.com.br\/novo\/wp-json\/wp\/v2\/posts"}],"about":[{"href":"https:\/\/gremiovencedor.com.br\/novo\/wp-json\/wp\/v2\/types\/post"}],"author":[{"embeddable":true,"href":"https:\/\/gremiovencedor.com.br\/novo\/wp-json\/wp\/v2\/users\/1"}],"replies":[{"embeddable":true,"href":"https:\/\/gremiovencedor.com.br\/novo\/wp-json\/wp\/v2\/comments?post=1091"}],"version-history":[{"count":0,"href":"https:\/\/gremiovencedor.com.br\/novo\/wp-json\/wp\/v2\/posts\/1091\/revisions"}],"wp:featuredmedia":[{"embeddable":true,"href":"https:\/\/gremiovencedor.com.br\/novo\/wp-json\/wp\/v2\/media\/1092"}],"wp:attachment":[{"href":"https:\/\/gremiovencedor.com.br\/novo\/wp-json\/wp\/v2\/media?parent=1091"}],"wp:term":[{"taxonomy":"category","embeddable":true,"href":"https:\/\/gremiovencedor.com.br\/novo\/wp-json\/wp\/v2\/categories?post=1091"},{"taxonomy":"post_tag","embeddable":true,"href":"https:\/\/gremiovencedor.com.br\/novo\/wp-json\/wp\/v2\/tags?post=1091"}],"curies":[{"name":"wp","href":"https:\/\/api.w.org\/{rel}","templated":true}]}}