{"id":1093,"date":"2018-06-08T12:00:00","date_gmt":"2018-06-08T15:00:00","guid":{"rendered":"https:\/\/gremiovencedor.com.br\/novo\/reuniao-do-mgv-avalia-primeiro-semestre-de-2018\/"},"modified":"2018-06-08T12:00:00","modified_gmt":"2018-06-08T15:00:00","slug":"reuniao-do-mgv-avalia-primeiro-semestre-de-2018","status":"publish","type":"post","link":"https:\/\/gremiovencedor.com.br\/novo\/reuniao-do-mgv-avalia-primeiro-semestre-de-2018\/","title":{"rendered":"Reuni\u00e3o do MGV avalia primeiro semestre de 2018"},"content":{"rendered":"<p>O Movimento Gr\u00eamio Vencedor \u2013 MGV esteve reunido na noite de quinta-feira (8) para mais uma Plen\u00e1ria, a fim de avaliar o primeiro semestre de 2018. Um dos coordenadores do Grupo, Thiago Brunetto, fez um balan\u00e7o dos primeiros meses do ano e uma atualiza\u00e7\u00e3o sobre o panorama pol\u00edtico do clube. No encontro, debateu-se, mais uma vez, a proposta de direito a voto dos conselheiros jubilados, que poder\u00e1 ir novamente \u00e0 vota\u00e7\u00e3o no Conselho Deliberativo. O MGV mant\u00e9m sua posi\u00e7\u00e3o de n\u00e3o apoiar esta proposta, por entender que n\u00e3o ser\u00e1 ben\u00e9fica ao clube. O integrante Wagner Silva fez ainda um relato sobre o evento \u201cGrande Festa dos Movimentos \u2013 Por um Gr\u00eamio de Todos\u201d, ocorrido no dia 26 de maio, no CT do Cristal.<\/p>\n","protected":false},"excerpt":{"rendered":"<p>O Movimento Gr\u00eamio Vencedor \u2013 MGV esteve reunido na noite de quinta-feira (8) para mais uma Plen\u00e1ria, a fim de avaliar o primeiro semestre de 2018. Um dos coordenadores do Grupo, Thiago Brunetto, fez um balan\u00e7o dos primeiros meses do ano e uma atualiza\u00e7\u00e3o sobre o panorama pol\u00edtico do clube. No encontro, debateu-se, mais uma [&hellip;]<\/p>\n","protected":false},"author":1,"featured_media":1094,"comment_status":"open","ping_status":"open","sticky":false,"template":"","format":"standard","meta":{"_monsterinsights_skip_tracking":false,"footnotes":""},"categories":[1],"tags":[],"class_list":["post-1093","post","type-post","status-publish","format-standard","has-post-thumbnail","hentry","category-sem-categoria"],"_links":{"self":[{"href":"https:\/\/gremiovencedor.com.br\/novo\/wp-json\/wp\/v2\/posts\/1093","targetHints":{"allow":["GET"]}}],"collection":[{"href":"https:\/\/gremiovencedor.com.br\/novo\/wp-json\/wp\/v2\/posts"}],"about":[{"href":"https:\/\/gremiovencedor.com.br\/novo\/wp-json\/wp\/v2\/types\/post"}],"author":[{"embeddable":true,"href":"https:\/\/gremiovencedor.com.br\/novo\/wp-json\/wp\/v2\/users\/1"}],"replies":[{"embeddable":true,"href":"https:\/\/gremiovencedor.com.br\/novo\/wp-json\/wp\/v2\/comments?post=1093"}],"version-history":[{"count":0,"href":"https:\/\/gremiovencedor.com.br\/novo\/wp-json\/wp\/v2\/posts\/1093\/revisions"}],"wp:featuredmedia":[{"embeddable":true,"href":"https:\/\/gremiovencedor.com.br\/novo\/wp-json\/wp\/v2\/media\/1094"}],"wp:attachment":[{"href":"https:\/\/gremiovencedor.com.br\/novo\/wp-json\/wp\/v2\/media?parent=1093"}],"wp:term":[{"taxonomy":"category","embeddable":true,"href":"https:\/\/gremiovencedor.com.br\/novo\/wp-json\/wp\/v2\/categories?post=1093"},{"taxonomy":"post_tag","embeddable":true,"href":"https:\/\/gremiovencedor.com.br\/novo\/wp-json\/wp\/v2\/tags?post=1093"}],"curies":[{"name":"wp","href":"https:\/\/api.w.org\/{rel}","templated":true}]}}