{"id":1097,"date":"2018-11-29T12:00:00","date_gmt":"2018-11-29T14:00:00","guid":{"rendered":"https:\/\/gremiovencedor.com.br\/novo\/mgv-realiza-confraternizacao-de-final-de-ano\/"},"modified":"2018-11-29T12:00:00","modified_gmt":"2018-11-29T14:00:00","slug":"mgv-realiza-confraternizacao-de-final-de-ano","status":"publish","type":"post","link":"https:\/\/gremiovencedor.com.br\/novo\/mgv-realiza-confraternizacao-de-final-de-ano\/","title":{"rendered":"MGV realiza confraterniza\u00e7\u00e3o de final de ano"},"content":{"rendered":"<p>No \u00faltimo encontro do Movimento Gr\u00eamio Vencedor \u2013 MGV em 2018, quarta-feira (28\/11), o grupo realizou uma confraterniza\u00e7\u00e3o entre seus integrantes, em Porto Alegre. Um dos coordenadores do Movimento, Renato Munhoz, abriu o encontro fazendo um resumo do ano. O conselheiro Renato Moreira tamb\u00e9m aproveitou a ocasi\u00e3o para refor\u00e7ar a import\u00e2ncia de os mais jovens do grupo assumirem papel de protagonismo, principalmente no pr\u00f3ximo ano, quando ocorrer\u00e1 a renova\u00e7\u00e3o de metade do Conselho Deliberativo do Gr\u00eamio. Por fim, o tamb\u00e9m conselheiro David Stival fez uma proje\u00e7\u00e3o pol\u00edtica para 2019.<\/p>\n","protected":false},"excerpt":{"rendered":"<p>No \u00faltimo encontro do Movimento Gr\u00eamio Vencedor \u2013 MGV em 2018, quarta-feira (28\/11), o grupo realizou uma confraterniza\u00e7\u00e3o entre seus integrantes, em Porto Alegre. Um dos coordenadores do Movimento, Renato Munhoz, abriu o encontro fazendo um resumo do ano. O conselheiro Renato Moreira tamb\u00e9m aproveitou a ocasi\u00e3o para refor\u00e7ar a import\u00e2ncia de os mais jovens [&hellip;]<\/p>\n","protected":false},"author":1,"featured_media":1098,"comment_status":"open","ping_status":"open","sticky":false,"template":"","format":"standard","meta":{"_monsterinsights_skip_tracking":false,"footnotes":""},"categories":[1],"tags":[],"class_list":["post-1097","post","type-post","status-publish","format-standard","has-post-thumbnail","hentry","category-sem-categoria"],"_links":{"self":[{"href":"https:\/\/gremiovencedor.com.br\/novo\/wp-json\/wp\/v2\/posts\/1097","targetHints":{"allow":["GET"]}}],"collection":[{"href":"https:\/\/gremiovencedor.com.br\/novo\/wp-json\/wp\/v2\/posts"}],"about":[{"href":"https:\/\/gremiovencedor.com.br\/novo\/wp-json\/wp\/v2\/types\/post"}],"author":[{"embeddable":true,"href":"https:\/\/gremiovencedor.com.br\/novo\/wp-json\/wp\/v2\/users\/1"}],"replies":[{"embeddable":true,"href":"https:\/\/gremiovencedor.com.br\/novo\/wp-json\/wp\/v2\/comments?post=1097"}],"version-history":[{"count":0,"href":"https:\/\/gremiovencedor.com.br\/novo\/wp-json\/wp\/v2\/posts\/1097\/revisions"}],"wp:featuredmedia":[{"embeddable":true,"href":"https:\/\/gremiovencedor.com.br\/novo\/wp-json\/wp\/v2\/media\/1098"}],"wp:attachment":[{"href":"https:\/\/gremiovencedor.com.br\/novo\/wp-json\/wp\/v2\/media?parent=1097"}],"wp:term":[{"taxonomy":"category","embeddable":true,"href":"https:\/\/gremiovencedor.com.br\/novo\/wp-json\/wp\/v2\/categories?post=1097"},{"taxonomy":"post_tag","embeddable":true,"href":"https:\/\/gremiovencedor.com.br\/novo\/wp-json\/wp\/v2\/tags?post=1097"}],"curies":[{"name":"wp","href":"https:\/\/api.w.org\/{rel}","templated":true}]}}