{"id":1103,"date":"2019-09-12T12:00:00","date_gmt":"2019-09-12T15:00:00","guid":{"rendered":"https:\/\/gremiovencedor.com.br\/novo\/mgv-faz-plenaria-de-mobilizacao-para-as-eleicoes-do-cd-2019\/"},"modified":"2019-09-12T12:00:00","modified_gmt":"2019-09-12T15:00:00","slug":"mgv-faz-plenaria-de-mobilizacao-para-as-eleicoes-do-cd-2019","status":"publish","type":"post","link":"https:\/\/gremiovencedor.com.br\/novo\/mgv-faz-plenaria-de-mobilizacao-para-as-eleicoes-do-cd-2019\/","title":{"rendered":"MGV faz Plen\u00e1ria de mobiliza\u00e7\u00e3o para as elei\u00e7\u00f5es do CD 2019"},"content":{"rendered":"<p>O Movimento Gr\u00eamio Vencedor \u2013 MGV esteve reunido na quarta-feira (11\/09) em Plen\u00e1ria de mobiliza\u00e7\u00e3o para as elei\u00e7\u00f5es do Conselho Deliberativo 2019\/2025, que ocorrer\u00e1 no dia 28 de setembro e renovar\u00e1 150 conselheiros efetivos e 30 suplentes. Integrante da Chapa Todos Somos Gr\u00eamio com Romildo Bolzan, o MGV, atendendo ao apelo pela unidade pol\u00edtica no clube, participa de chapa constitu\u00edda por 17 grupos pol\u00edticos. Os coordenadores do MGV, David Stival, Maur\u00edcio Pedrassani, Thiago Brunetto e Renato Munhoz relataram as \u00faltimas reuni\u00f5es da Chapa e os preparativos para o pleito. At\u00e9 amanh\u00e3, dia 13, ser\u00e1 feita a homologa\u00e7\u00e3o da nominata e a sua inscri\u00e7\u00e3o \u00e0s elei\u00e7\u00f5es do Conselho Deliberativo.<\/p>\n","protected":false},"excerpt":{"rendered":"<p>O Movimento Gr\u00eamio Vencedor \u2013 MGV esteve reunido na quarta-feira (11\/09) em Plen\u00e1ria de mobiliza\u00e7\u00e3o para as elei\u00e7\u00f5es do Conselho Deliberativo 2019\/2025, que ocorrer\u00e1 no dia 28 de setembro e renovar\u00e1 150 conselheiros efetivos e 30 suplentes. Integrante da Chapa Todos Somos Gr\u00eamio com Romildo Bolzan, o MGV, atendendo ao apelo pela unidade pol\u00edtica no [&hellip;]<\/p>\n","protected":false},"author":1,"featured_media":1104,"comment_status":"open","ping_status":"open","sticky":false,"template":"","format":"standard","meta":{"_monsterinsights_skip_tracking":false,"footnotes":""},"categories":[1],"tags":[],"class_list":["post-1103","post","type-post","status-publish","format-standard","has-post-thumbnail","hentry","category-sem-categoria"],"_links":{"self":[{"href":"https:\/\/gremiovencedor.com.br\/novo\/wp-json\/wp\/v2\/posts\/1103","targetHints":{"allow":["GET"]}}],"collection":[{"href":"https:\/\/gremiovencedor.com.br\/novo\/wp-json\/wp\/v2\/posts"}],"about":[{"href":"https:\/\/gremiovencedor.com.br\/novo\/wp-json\/wp\/v2\/types\/post"}],"author":[{"embeddable":true,"href":"https:\/\/gremiovencedor.com.br\/novo\/wp-json\/wp\/v2\/users\/1"}],"replies":[{"embeddable":true,"href":"https:\/\/gremiovencedor.com.br\/novo\/wp-json\/wp\/v2\/comments?post=1103"}],"version-history":[{"count":0,"href":"https:\/\/gremiovencedor.com.br\/novo\/wp-json\/wp\/v2\/posts\/1103\/revisions"}],"wp:featuredmedia":[{"embeddable":true,"href":"https:\/\/gremiovencedor.com.br\/novo\/wp-json\/wp\/v2\/media\/1104"}],"wp:attachment":[{"href":"https:\/\/gremiovencedor.com.br\/novo\/wp-json\/wp\/v2\/media?parent=1103"}],"wp:term":[{"taxonomy":"category","embeddable":true,"href":"https:\/\/gremiovencedor.com.br\/novo\/wp-json\/wp\/v2\/categories?post=1103"},{"taxonomy":"post_tag","embeddable":true,"href":"https:\/\/gremiovencedor.com.br\/novo\/wp-json\/wp\/v2\/tags?post=1103"}],"curies":[{"name":"wp","href":"https:\/\/api.w.org\/{rel}","templated":true}]}}