{"id":1105,"date":"2019-09-17T12:00:00","date_gmt":"2019-09-17T15:00:00","guid":{"rendered":"https:\/\/gremiovencedor.com.br\/novo\/chapa-2-todos-somos-gremio-lanca-candidatura-para-eleicoes-do-conselho\/"},"modified":"2019-09-17T12:00:00","modified_gmt":"2019-09-17T15:00:00","slug":"chapa-2-todos-somos-gremio-lanca-candidatura-para-eleicoes-do-conselho","status":"publish","type":"post","link":"https:\/\/gremiovencedor.com.br\/novo\/chapa-2-todos-somos-gremio-lanca-candidatura-para-eleicoes-do-conselho\/","title":{"rendered":"Chapa 2 Todos Somos Gr\u00eamio lan\u00e7a candidatura para elei\u00e7\u00f5es do Conselho"},"content":{"rendered":"<p>O Movimento Gr\u00eamio Vencedor \u2013 MGV participou na noite de segunda (16)\u00a0do lan\u00e7amento oficial da Chapa 2 \u2013 Todos Somos Gr\u00eamio, que re\u00fane 16\u00a0movimentos pol\u00edticos, al\u00e9m de um grupo de conselheiros independentes, para a renova\u00e7\u00e3o de 50% do Conselho Deliberativo do clube. O evento ocorreu no Hotel Deville, em Porto Alegre, e contou com a presen\u00e7a do Presidente de Honra do MGV: Luiz Carlos Silveira Martins &#8211; Cacalo. Atendendo ao apelo pela unidade pol\u00edtica no Gr\u00eamio Foot-Ball Porto Alegrense, o MGV comp\u00f5e a Chapa por\u00a0acreditar que a pacifica\u00e7\u00e3o pol\u00edtica \u00e9 um importante ingrediente para a cria\u00e7\u00e3o de um ambiente prop\u00edcio ao crescimento institucional do clube dentro e fora do campo. E reafirma seu inarred\u00e1vel compromisso com a defesa do Gr\u00eamio, da democracia em suas inst\u00e2ncias e dos interesses daquele que \u00e9 o maior patrim\u00f4nio do Clube: a torcida Tricolor. A representa\u00e7\u00e3o proposta pela Chapa 2 \u2013 Todos Somos Gr\u00eamio com Romildo Bolzan \u2013 une dirigentes hist\u00f3ricos do clube com novas ideias para o clube, uma vez que 50% dos candidatos jamais foram conselheiros. \u00c9 uma chapa que se prop\u00f5e a colocar o Gr\u00eamio em primeiro lugar. Acima de pensamentos pol\u00edticos ou de diverg\u00eancias hist\u00f3ricas. Todos, imbu\u00eddos em um mesmo pensamento de manter coes\u00e3o interna no clube, decidiram apoiar a Gest\u00e3o neste momento, sem abrir m\u00e3o do papel de fiscaliza\u00e7\u00e3o e de protagonismo do Conselho Deliberativo na consolida\u00e7\u00e3o do caminho de vit\u00f3rias do clube.<\/p>\n","protected":false},"excerpt":{"rendered":"<p>O Movimento Gr\u00eamio Vencedor \u2013 MGV participou na noite de segunda (16)\u00a0do lan\u00e7amento oficial da Chapa 2 \u2013 Todos Somos Gr\u00eamio, que re\u00fane 16\u00a0movimentos pol\u00edticos, al\u00e9m de um grupo de conselheiros independentes, para a renova\u00e7\u00e3o de 50% do Conselho Deliberativo do clube. O evento ocorreu no Hotel Deville, em Porto Alegre, e contou com a [&hellip;]<\/p>\n","protected":false},"author":1,"featured_media":1106,"comment_status":"open","ping_status":"open","sticky":false,"template":"","format":"standard","meta":{"_monsterinsights_skip_tracking":false,"footnotes":""},"categories":[1],"tags":[],"class_list":["post-1105","post","type-post","status-publish","format-standard","has-post-thumbnail","hentry","category-sem-categoria"],"_links":{"self":[{"href":"https:\/\/gremiovencedor.com.br\/novo\/wp-json\/wp\/v2\/posts\/1105","targetHints":{"allow":["GET"]}}],"collection":[{"href":"https:\/\/gremiovencedor.com.br\/novo\/wp-json\/wp\/v2\/posts"}],"about":[{"href":"https:\/\/gremiovencedor.com.br\/novo\/wp-json\/wp\/v2\/types\/post"}],"author":[{"embeddable":true,"href":"https:\/\/gremiovencedor.com.br\/novo\/wp-json\/wp\/v2\/users\/1"}],"replies":[{"embeddable":true,"href":"https:\/\/gremiovencedor.com.br\/novo\/wp-json\/wp\/v2\/comments?post=1105"}],"version-history":[{"count":0,"href":"https:\/\/gremiovencedor.com.br\/novo\/wp-json\/wp\/v2\/posts\/1105\/revisions"}],"wp:featuredmedia":[{"embeddable":true,"href":"https:\/\/gremiovencedor.com.br\/novo\/wp-json\/wp\/v2\/media\/1106"}],"wp:attachment":[{"href":"https:\/\/gremiovencedor.com.br\/novo\/wp-json\/wp\/v2\/media?parent=1105"}],"wp:term":[{"taxonomy":"category","embeddable":true,"href":"https:\/\/gremiovencedor.com.br\/novo\/wp-json\/wp\/v2\/categories?post=1105"},{"taxonomy":"post_tag","embeddable":true,"href":"https:\/\/gremiovencedor.com.br\/novo\/wp-json\/wp\/v2\/tags?post=1105"}],"curies":[{"name":"wp","href":"https:\/\/api.w.org\/{rel}","templated":true}]}}