{"id":1115,"date":"2020-06-22T12:00:00","date_gmt":"2020-06-22T15:00:00","guid":{"rendered":"https:\/\/gremiovencedor.com.br\/novo\/mgv-faz-doacao-para-familias-do-instituto-geracao-tricolor\/"},"modified":"2020-06-22T12:00:00","modified_gmt":"2020-06-22T15:00:00","slug":"mgv-faz-doacao-para-familias-do-instituto-geracao-tricolor","status":"publish","type":"post","link":"https:\/\/gremiovencedor.com.br\/novo\/mgv-faz-doacao-para-familias-do-instituto-geracao-tricolor\/","title":{"rendered":"MGV faz doa\u00e7\u00e3o para fam\u00edlias do Instituto Gera\u00e7\u00e3o Tricolor"},"content":{"rendered":"<p>O Movimento Gr\u00eamio Vencedor &#8211; MGV, representado pelos integrantes David Stival, Joel Machado, Marco Aur\u00e9lio Moreira e Ronald Santiago de Castro, esteve nesta segunda-feira, dia 22 de junho, na sede do Instituto Gera\u00e7\u00e3o Tricolor &#8211; IGT, em Porto Alegre, para entrega de doa\u00e7\u00e3o. O Movimento arrecadou R$ 4.250,00 para a aquisi\u00e7\u00e3o de cestas b\u00e1sicas e itens de higiene e limpeza, a serem distribu\u00eddos \u00e0s fam\u00edlias atendidas pelo IGT que se encontram em situa\u00e7\u00e3o de vulnerabilidade social e econ\u00f4mica. &#8211; Fizemos um &#8220;Dia de A\u00e7\u00e3o Solid\u00e1ria do MGV\u201d, arrecadando doa\u00e7\u00f5es para ajudar essas fam\u00edlias. N\u00e3o apenas a quest\u00e3o financeira \u00e9 importante. Existem muitas formas de colaborar &#8211; destaca o integrante Joel Machado. Em raz\u00e3o da pandemia, as atividades presenciais do IGT est\u00e3o suspensas. Neste momento, a grande demanda \u00e9 de alimentos e material de higiene e limpeza. Para muitas crian\u00e7as, a refei\u00e7\u00e3o servida pelo Instituto era a principal refei\u00e7\u00e3o do dia. Al\u00e9m disso, a crise econ\u00f4mica fez com que muitas fam\u00edlias perdessem suas fontes de sustento. Parceria para atendimento oftalmol\u00f3gico Al\u00e9m de doa\u00e7\u00f5es, existem tamb\u00e9m outras formas de ajudar o Instituto Gera\u00e7\u00e3o Tricolor. O integrante do MGV, Roberson Marquez, por exemplo, est\u00e1 finalizando uma parceria para atendimento oftalmol\u00f3gico gratuito a crian\u00e7as do IGT na sua empresa, a Sistema Integrado de Oftalmologia.\u00a0 Para doa\u00e7\u00f5es ao IGT, entre em contato com eles pelo whats app: (51) 99311-0530<\/p>\n","protected":false},"excerpt":{"rendered":"<p>O Movimento Gr\u00eamio Vencedor &#8211; MGV, representado pelos integrantes David Stival, Joel Machado, Marco Aur\u00e9lio Moreira e Ronald Santiago de Castro, esteve nesta segunda-feira, dia 22 de junho, na sede do Instituto Gera\u00e7\u00e3o Tricolor &#8211; IGT, em Porto Alegre, para entrega de doa\u00e7\u00e3o. O Movimento arrecadou R$ 4.250,00 para a aquisi\u00e7\u00e3o de cestas b\u00e1sicas e [&hellip;]<\/p>\n","protected":false},"author":1,"featured_media":0,"comment_status":"open","ping_status":"open","sticky":false,"template":"","format":"standard","meta":{"_monsterinsights_skip_tracking":false,"footnotes":""},"categories":[1],"tags":[],"class_list":["post-1115","post","type-post","status-publish","format-standard","hentry","category-sem-categoria"],"_links":{"self":[{"href":"https:\/\/gremiovencedor.com.br\/novo\/wp-json\/wp\/v2\/posts\/1115","targetHints":{"allow":["GET"]}}],"collection":[{"href":"https:\/\/gremiovencedor.com.br\/novo\/wp-json\/wp\/v2\/posts"}],"about":[{"href":"https:\/\/gremiovencedor.com.br\/novo\/wp-json\/wp\/v2\/types\/post"}],"author":[{"embeddable":true,"href":"https:\/\/gremiovencedor.com.br\/novo\/wp-json\/wp\/v2\/users\/1"}],"replies":[{"embeddable":true,"href":"https:\/\/gremiovencedor.com.br\/novo\/wp-json\/wp\/v2\/comments?post=1115"}],"version-history":[{"count":0,"href":"https:\/\/gremiovencedor.com.br\/novo\/wp-json\/wp\/v2\/posts\/1115\/revisions"}],"wp:attachment":[{"href":"https:\/\/gremiovencedor.com.br\/novo\/wp-json\/wp\/v2\/media?parent=1115"}],"wp:term":[{"taxonomy":"category","embeddable":true,"href":"https:\/\/gremiovencedor.com.br\/novo\/wp-json\/wp\/v2\/categories?post=1115"},{"taxonomy":"post_tag","embeddable":true,"href":"https:\/\/gremiovencedor.com.br\/novo\/wp-json\/wp\/v2\/tags?post=1115"}],"curies":[{"name":"wp","href":"https:\/\/api.w.org\/{rel}","templated":true}]}}