{"id":1118,"date":"2021-03-25T12:00:00","date_gmt":"2021-03-25T15:00:00","guid":{"rendered":"https:\/\/gremiovencedor.com.br\/novo\/reuniao-virtual-debate-atual-conjuntura-politica-do-gremio\/"},"modified":"2021-03-25T12:00:00","modified_gmt":"2021-03-25T15:00:00","slug":"reuniao-virtual-debate-atual-conjuntura-politica-do-gremio","status":"publish","type":"post","link":"https:\/\/gremiovencedor.com.br\/novo\/reuniao-virtual-debate-atual-conjuntura-politica-do-gremio\/","title":{"rendered":"Reuni\u00e3o virtual debate atual conjuntura pol\u00edtica do Gr\u00eamio"},"content":{"rendered":"<p>O Movimento Gr\u00eamio Vencedor \u2013 MGV esteve reunido virtualmente, nesta quarta-feira (24), com o objetivo de atualizar seus integrantes sobre o andamento das atividades das Comiss\u00f5es Especiais do Conselho Deliberativo, propor novas atividades e fazer uma avalia\u00e7\u00e3o da atual conjuntura pol\u00edtica do Gr\u00eamio. Thiago Brunetto, um dos coordenadores do MGV, abriu a plen\u00e1ria saudando o fato de estarem todos com sa\u00fade neste momento t\u00e3o delicado de pandemia. Em seguida, os integrantes das Comiss\u00f5es fizeram breves relatos sobre as atividades: Roberto Luis Follador (Comiss\u00e3o de Acompanhamento do Planejamento Estrat\u00e9gico), David Stival e Joel Junior Machado Correa (Comiss\u00e3o Especial para tratar dos Assuntos sobre a Inclus\u00e3o e Responsabilidade Social), Ronald Santiago de Castro (Comiss\u00e3o para Assuntos Relativos ao Marketing) e Renato Kliemann Paese (Comiss\u00e3o para Assuntos Relativos ao Futebol). Ap\u00f3s os relatos das Comiss\u00f5es, Paese deu in\u00edcio \u00e0 an\u00e1lise sobre a atual conjuntura pol\u00edtica do clube. Fizeram o uso da palavra os integrantes Roberto Luis Follador, Josu\u00e9 Vanius Hoewell, Anderson Zanella, Wagner Adriano da Silva Juliano, Ronald Santiago de Castro e Joel J\u00fanior Corr\u00eaa. David Stival, tamb\u00e9m coordenador do Grupo, finalizou o debate com as proje\u00e7\u00f5es para as elei\u00e7\u00f5es de 2022.\u00a0 No encontro, foi comunicada tamb\u00e9m a inclus\u00e3o do conselheiro Joel J\u00fanior Corr\u00eaa na Coordena\u00e7\u00e3o do MGV, ao lado de David Stival, Maur\u00edcio Pedrassani, Renato Donadio Munhoz e Thiago Cecchini Brunetto. Na sequ\u00eancia, foram sugeridas pautas para reuni\u00f5es futuras, e novas a\u00e7\u00f5es e atividades do Grupo. Ao final da Plen\u00e1ria, Maur\u00edcio Pedrassani informou sobre quest\u00f5es administrativas e financeiras do Movimento.\u00a0 \u00a0\u00a0 \u00a0<\/p>\n","protected":false},"excerpt":{"rendered":"<p>O Movimento Gr\u00eamio Vencedor \u2013 MGV esteve reunido virtualmente, nesta quarta-feira (24), com o objetivo de atualizar seus integrantes sobre o andamento das atividades das Comiss\u00f5es Especiais do Conselho Deliberativo, propor novas atividades e fazer uma avalia\u00e7\u00e3o da atual conjuntura pol\u00edtica do Gr\u00eamio. Thiago Brunetto, um dos coordenadores do MGV, abriu a plen\u00e1ria saudando o [&hellip;]<\/p>\n","protected":false},"author":1,"featured_media":1119,"comment_status":"open","ping_status":"open","sticky":false,"template":"","format":"standard","meta":{"_monsterinsights_skip_tracking":false,"footnotes":""},"categories":[1],"tags":[],"class_list":["post-1118","post","type-post","status-publish","format-standard","has-post-thumbnail","hentry","category-sem-categoria"],"_links":{"self":[{"href":"https:\/\/gremiovencedor.com.br\/novo\/wp-json\/wp\/v2\/posts\/1118","targetHints":{"allow":["GET"]}}],"collection":[{"href":"https:\/\/gremiovencedor.com.br\/novo\/wp-json\/wp\/v2\/posts"}],"about":[{"href":"https:\/\/gremiovencedor.com.br\/novo\/wp-json\/wp\/v2\/types\/post"}],"author":[{"embeddable":true,"href":"https:\/\/gremiovencedor.com.br\/novo\/wp-json\/wp\/v2\/users\/1"}],"replies":[{"embeddable":true,"href":"https:\/\/gremiovencedor.com.br\/novo\/wp-json\/wp\/v2\/comments?post=1118"}],"version-history":[{"count":0,"href":"https:\/\/gremiovencedor.com.br\/novo\/wp-json\/wp\/v2\/posts\/1118\/revisions"}],"wp:featuredmedia":[{"embeddable":true,"href":"https:\/\/gremiovencedor.com.br\/novo\/wp-json\/wp\/v2\/media\/1119"}],"wp:attachment":[{"href":"https:\/\/gremiovencedor.com.br\/novo\/wp-json\/wp\/v2\/media?parent=1118"}],"wp:term":[{"taxonomy":"category","embeddable":true,"href":"https:\/\/gremiovencedor.com.br\/novo\/wp-json\/wp\/v2\/categories?post=1118"},{"taxonomy":"post_tag","embeddable":true,"href":"https:\/\/gremiovencedor.com.br\/novo\/wp-json\/wp\/v2\/tags?post=1118"}],"curies":[{"name":"wp","href":"https:\/\/api.w.org\/{rel}","templated":true}]}}