{"id":1120,"date":"2021-04-06T12:00:00","date_gmt":"2021-04-06T15:00:00","guid":{"rendered":"https:\/\/gremiovencedor.com.br\/novo\/mgv-envia-requerimento-para-inclusao-de-felipao-e-galatto-na-calcada-da-fama\/"},"modified":"2021-04-06T12:00:00","modified_gmt":"2021-04-06T15:00:00","slug":"mgv-envia-requerimento-para-inclusao-de-felipao-e-galatto-na-calcada-da-fama","status":"publish","type":"post","link":"https:\/\/gremiovencedor.com.br\/novo\/mgv-envia-requerimento-para-inclusao-de-felipao-e-galatto-na-calcada-da-fama\/","title":{"rendered":"MGV envia requerimento para inclus\u00e3o de Felip\u00e3o e Galatto na Cal\u00e7ada da Fama"},"content":{"rendered":"<p>O Movimento Gr\u00eamio Vencedor \u2013 MGV enviou, no dia 5 de abril, requerimento ao presidente do Conselho Deliberativo do Gr\u00eamio,\u00a0 Carlos Biedermann, propondo as indica\u00e7\u00f5es do treinador Luiz Felipe Scolari (Felip\u00e3o) e do ex-goleiro Rodrigo Jos\u00e9 Galatto \u00e0 Cal\u00e7ada da Fama do clube. Subscrita pelos 16 conselheiros do MGV, a proposta foi elaborada por um dos coordenadores do Grupo, Joel Junior Machado Corr\u00eaa, destacando as trajet\u00f3rias vitoriosas dos dois profissionais no Tricolor. O conselheiro Marcos Aur\u00e9lio Chitolina, em conversa com Felip\u00e3o, avisou da proposta e o treinador se mostrou agradecido, por entender que seria uma homenagem da torcida do Gr\u00eamio. Entre as justificativas para o pedido est\u00e3o o fato de que a Cal\u00e7ada da Fama simboliza um agradecimento aos nomes que marcaram a hist\u00f3ria do clube. Nesse sentido, Luiz Felipe Scolari \u00e9 um dos profissionais mais vitoriosos da hist\u00f3ria do Gr\u00eamio. Com tr\u00eas passagens pelo clube e 364 jogos, \u00e9 o terceiro treinador que mais comandou o Tricolor. Al\u00e9m de sua trajet\u00f3ria vitoriosa, com os t\u00edtulos da Libertadores (1995), Brasileiro (1996), Copa Do Brasil (1994), Recopa Sul-Americana (1996) e Tricampeonato Ga\u00facho (1987, 1995 e 1996), Felip\u00e3o sempre levou a imagem do clube ao redor do mundo, declarando ser torcedor do Gr\u00eamio. J\u00e1 Galatto, goleiro formado na base do Tricolor, foi protagonista em um dos momentos mais marcantes da hist\u00f3ria do clube: &#8220;A Batalha dos Aflitos\u201d. O p\u00eanalti defendido por ele na final da S\u00e9rie B de 2005 foi imprescind\u00edvel para o retorno \u00e0 elite do Brasileir\u00e3o e para a retomada de crescimento do Gr\u00eamio. \u00c9 incalcul\u00e1vel o que poderia ter acontecido ao clube, n\u00e3o fosse o p\u00eanalti defendido por Galatto naquela partida. A proposta ser\u00e1 apreciada pela Comiss\u00e3o Memorial do Gr\u00eamio e, havendo acolhimento, passar\u00e1 para aprova\u00e7\u00e3o em Plen\u00e1rio. Demais conselheiros que tenham interesse em subscrever o requerimento devem enviar e-mail para o Conselho Deliberativo com o t\u00edtulo: \u201cApoio \u00e0 sugest\u00e3o Cal\u00e7ada da Fama\u201d, declarando no corpo do e-mail o apoio aos nomes de Felip\u00e3o e Galatto. \u00a0<\/p>\n","protected":false},"excerpt":{"rendered":"<p>O Movimento Gr\u00eamio Vencedor \u2013 MGV enviou, no dia 5 de abril, requerimento ao presidente do Conselho Deliberativo do Gr\u00eamio,\u00a0 Carlos Biedermann, propondo as indica\u00e7\u00f5es do treinador Luiz Felipe Scolari (Felip\u00e3o) e do ex-goleiro Rodrigo Jos\u00e9 Galatto \u00e0 Cal\u00e7ada da Fama do clube. Subscrita pelos 16 conselheiros do MGV, a proposta foi elaborada por um [&hellip;]<\/p>\n","protected":false},"author":1,"featured_media":1121,"comment_status":"open","ping_status":"open","sticky":false,"template":"","format":"standard","meta":{"_monsterinsights_skip_tracking":false,"footnotes":""},"categories":[1],"tags":[],"class_list":["post-1120","post","type-post","status-publish","format-standard","has-post-thumbnail","hentry","category-sem-categoria"],"_links":{"self":[{"href":"https:\/\/gremiovencedor.com.br\/novo\/wp-json\/wp\/v2\/posts\/1120","targetHints":{"allow":["GET"]}}],"collection":[{"href":"https:\/\/gremiovencedor.com.br\/novo\/wp-json\/wp\/v2\/posts"}],"about":[{"href":"https:\/\/gremiovencedor.com.br\/novo\/wp-json\/wp\/v2\/types\/post"}],"author":[{"embeddable":true,"href":"https:\/\/gremiovencedor.com.br\/novo\/wp-json\/wp\/v2\/users\/1"}],"replies":[{"embeddable":true,"href":"https:\/\/gremiovencedor.com.br\/novo\/wp-json\/wp\/v2\/comments?post=1120"}],"version-history":[{"count":0,"href":"https:\/\/gremiovencedor.com.br\/novo\/wp-json\/wp\/v2\/posts\/1120\/revisions"}],"wp:featuredmedia":[{"embeddable":true,"href":"https:\/\/gremiovencedor.com.br\/novo\/wp-json\/wp\/v2\/media\/1121"}],"wp:attachment":[{"href":"https:\/\/gremiovencedor.com.br\/novo\/wp-json\/wp\/v2\/media?parent=1120"}],"wp:term":[{"taxonomy":"category","embeddable":true,"href":"https:\/\/gremiovencedor.com.br\/novo\/wp-json\/wp\/v2\/categories?post=1120"},{"taxonomy":"post_tag","embeddable":true,"href":"https:\/\/gremiovencedor.com.br\/novo\/wp-json\/wp\/v2\/tags?post=1120"}],"curies":[{"name":"wp","href":"https:\/\/api.w.org\/{rel}","templated":true}]}}