{"id":1124,"date":"2021-05-28T12:00:00","date_gmt":"2021-05-28T15:00:00","guid":{"rendered":"https:\/\/gremiovencedor.com.br\/novo\/mgv-adere-a-requerimento-para-manter-felipao-na-lista-da-calcada-da-fama\/"},"modified":"2021-05-28T12:00:00","modified_gmt":"2021-05-28T15:00:00","slug":"mgv-adere-a-requerimento-para-manter-felipao-na-lista-da-calcada-da-fama","status":"publish","type":"post","link":"https:\/\/gremiovencedor.com.br\/novo\/mgv-adere-a-requerimento-para-manter-felipao-na-lista-da-calcada-da-fama\/","title":{"rendered":"MGV adere a requerimento para manter Felip\u00e3o na lista da Cal\u00e7ada da Fama"},"content":{"rendered":"<p>O Movimento Gr\u00eamio Vencedor \u2013 MGV, juntamente com outros Movimentos Pol\u00edticos do clube, apresentou, nesta sexta-feira (28), requerimento ao presidente do Conselho Deliberativo, Carlos Biedermann, para que o nome de Luiz Felipe Scolari seja mantido na lista de indicados para a Cal\u00e7ada da Fama. A indica\u00e7\u00e3o de Felip\u00e3o foi rejeitada em parecer da Comiss\u00e3o Memorial do Gr\u00eamio, sob o pretexto de que o treinador \u201cn\u00e3o preenche o requisito de ser um profissional que n\u00e3o esteja mais em atividade\u201d. Os conselheiros signat\u00e1rios do documento entendem ser equivocada a leitura da regra prevista no regulamento, uma vez que h\u00e1 outros homenageados na Cal\u00e7ada que seguem em plena atividade como treinadores e empres\u00e1rios de futebol. Al\u00e9m disso, o requisito deve ser interpretado visando o seu objetivo, que \u00e9 o de evitar o deferimento da honraria a algu\u00e9m que possa, no futuro, criar constrangimentos para o clube no desempenho de sua atividade profissional. Tal conduta \u00e9 evidentemente inimagin\u00e1vel no caso de Felip\u00e3o, profissional que tem tr\u00eas passagens vitoriosas pelo Gr\u00eamio (Campe\u00e3o Ga\u00facho em 1987, 1995 e 1996, Campe\u00e3o da Copa do Brasil em 1994, Campe\u00e3o da Libertadores em 1995, Cam- pe\u00e3o da Recopa em 1996, Campe\u00e3o Brasileiro em 1996, entre outros) profunda identifica\u00e7\u00e3o com a torcida e que certamente est\u00e1 entre os maiores treinadores da hist\u00f3ria do Tricolor. O requerimento visa evitar constrangimento ao clube, seus associados e sua torcida sobre as incongru\u00eancias no regulamento. O pedido n\u00e3o prejudica os demais indicados, apenas acrescenta o nome de Felip\u00e3o entre os que poder\u00e3o ser votados na pr\u00f3xima sess\u00e3o do Conselho Deliberativo, a ser realizada na segunda-feira (31), afinal o Plen\u00e1rio \u00e9 soberano nas indica\u00e7\u00f5es. Ades\u00f5es ao requerimento poder\u00e3o ser \u00a0manifestadas por e-mail para a secretaria do Conselho, com o t\u00edtulo: \u201cApoio a Felip\u00e3o na Cal\u00e7ada da Fama\u201d, declarando no corpo do e-mail o apoio ao nome do treinador. Foto:\u00a0Lucas Uebel\/Gr\u00eamio FBPA<\/p>\n","protected":false},"excerpt":{"rendered":"<p>O Movimento Gr\u00eamio Vencedor \u2013 MGV, juntamente com outros Movimentos Pol\u00edticos do clube, apresentou, nesta sexta-feira (28), requerimento ao presidente do Conselho Deliberativo, Carlos Biedermann, para que o nome de Luiz Felipe Scolari seja mantido na lista de indicados para a Cal\u00e7ada da Fama. A indica\u00e7\u00e3o de Felip\u00e3o foi rejeitada em parecer da Comiss\u00e3o Memorial [&hellip;]<\/p>\n","protected":false},"author":1,"featured_media":1125,"comment_status":"open","ping_status":"open","sticky":false,"template":"","format":"standard","meta":{"_monsterinsights_skip_tracking":false,"footnotes":""},"categories":[1],"tags":[],"class_list":["post-1124","post","type-post","status-publish","format-standard","has-post-thumbnail","hentry","category-sem-categoria"],"_links":{"self":[{"href":"https:\/\/gremiovencedor.com.br\/novo\/wp-json\/wp\/v2\/posts\/1124","targetHints":{"allow":["GET"]}}],"collection":[{"href":"https:\/\/gremiovencedor.com.br\/novo\/wp-json\/wp\/v2\/posts"}],"about":[{"href":"https:\/\/gremiovencedor.com.br\/novo\/wp-json\/wp\/v2\/types\/post"}],"author":[{"embeddable":true,"href":"https:\/\/gremiovencedor.com.br\/novo\/wp-json\/wp\/v2\/users\/1"}],"replies":[{"embeddable":true,"href":"https:\/\/gremiovencedor.com.br\/novo\/wp-json\/wp\/v2\/comments?post=1124"}],"version-history":[{"count":0,"href":"https:\/\/gremiovencedor.com.br\/novo\/wp-json\/wp\/v2\/posts\/1124\/revisions"}],"wp:featuredmedia":[{"embeddable":true,"href":"https:\/\/gremiovencedor.com.br\/novo\/wp-json\/wp\/v2\/media\/1125"}],"wp:attachment":[{"href":"https:\/\/gremiovencedor.com.br\/novo\/wp-json\/wp\/v2\/media?parent=1124"}],"wp:term":[{"taxonomy":"category","embeddable":true,"href":"https:\/\/gremiovencedor.com.br\/novo\/wp-json\/wp\/v2\/categories?post=1124"},{"taxonomy":"post_tag","embeddable":true,"href":"https:\/\/gremiovencedor.com.br\/novo\/wp-json\/wp\/v2\/tags?post=1124"}],"curies":[{"name":"wp","href":"https:\/\/api.w.org\/{rel}","templated":true}]}}