{"id":1126,"date":"2021-06-01T12:00:00","date_gmt":"2021-06-01T15:00:00","guid":{"rendered":"https:\/\/gremiovencedor.com.br\/novo\/cacalo-felipao-galatto-e-osvaldo-estarao-na-calcada-da-fama-do-gremio\/"},"modified":"2021-06-01T12:00:00","modified_gmt":"2021-06-01T15:00:00","slug":"cacalo-felipao-galatto-e-osvaldo-estarao-na-calcada-da-fama-do-gremio","status":"publish","type":"post","link":"https:\/\/gremiovencedor.com.br\/novo\/cacalo-felipao-galatto-e-osvaldo-estarao-na-calcada-da-fama-do-gremio\/","title":{"rendered":"Cacalo, Felip\u00e3o, Galatto e Osvaldo estar\u00e3o na Cal\u00e7ada da Fama do Gr\u00eamio"},"content":{"rendered":"<p>Em reuni\u00e3o virtual do Conselho Deliberativo do Gr\u00eamio nesta segunda-feira (31), foram definidos os profissionais que ser\u00e3o homenageados neste ano na Cal\u00e7ada da Fama: Luiz Carlos Silveira Martins (Cacalo), Luiz Felipe Scolari (Felip\u00e3o), Rodrigo Jos\u00e9 Galatto e Osvaldo Luiz Vital. O Movimento Gr\u00eamio Vencedor &#8211; MGV, apoiado por outros movimentos pol\u00edticos, indicou os nomes de Felip\u00e3o e Galatto. Ap\u00f3s requerimento de conselheiros questionando parecer desfavor\u00e1vel da Comiss\u00e3o Memorial do Gr\u00eamio para a homenagem a Felip\u00e3o, sob o pretexto de que n\u00e3o preenchia o requisito de \u201cser um profissional que n\u00e3o esteja mais em atividade\u201d, a mesa do CD decidiu ampliar o n\u00famero de homenageados indicando o treinador e tamb\u00e9m o ex-presidente do Gr\u00eamio e presidente de honra do MGV, Cacalo, para aclama\u00e7\u00e3o do plen\u00e1rio. Os conselheiros participantes da reuni\u00e3o elegeram mais dois nomes, por meio de vota\u00e7\u00e3o virtual: do ex-goleiro Galatto, indicado tamb\u00e9m pelo MGV, e do ex-meia Osvaldo. A homenagem ocorrer\u00e1 dentro da programa\u00e7\u00e3o de anivers\u00e1rio do clube, em setembro, com a presen\u00e7a dos quatro \u00eddolos gremistas agraciados.<\/p>\n","protected":false},"excerpt":{"rendered":"<p>Em reuni\u00e3o virtual do Conselho Deliberativo do Gr\u00eamio nesta segunda-feira (31), foram definidos os profissionais que ser\u00e3o homenageados neste ano na Cal\u00e7ada da Fama: Luiz Carlos Silveira Martins (Cacalo), Luiz Felipe Scolari (Felip\u00e3o), Rodrigo Jos\u00e9 Galatto e Osvaldo Luiz Vital. O Movimento Gr\u00eamio Vencedor &#8211; MGV, apoiado por outros movimentos pol\u00edticos, indicou os nomes de [&hellip;]<\/p>\n","protected":false},"author":1,"featured_media":1127,"comment_status":"open","ping_status":"open","sticky":false,"template":"","format":"standard","meta":{"_monsterinsights_skip_tracking":false,"footnotes":""},"categories":[1],"tags":[],"class_list":["post-1126","post","type-post","status-publish","format-standard","has-post-thumbnail","hentry","category-sem-categoria"],"_links":{"self":[{"href":"https:\/\/gremiovencedor.com.br\/novo\/wp-json\/wp\/v2\/posts\/1126","targetHints":{"allow":["GET"]}}],"collection":[{"href":"https:\/\/gremiovencedor.com.br\/novo\/wp-json\/wp\/v2\/posts"}],"about":[{"href":"https:\/\/gremiovencedor.com.br\/novo\/wp-json\/wp\/v2\/types\/post"}],"author":[{"embeddable":true,"href":"https:\/\/gremiovencedor.com.br\/novo\/wp-json\/wp\/v2\/users\/1"}],"replies":[{"embeddable":true,"href":"https:\/\/gremiovencedor.com.br\/novo\/wp-json\/wp\/v2\/comments?post=1126"}],"version-history":[{"count":0,"href":"https:\/\/gremiovencedor.com.br\/novo\/wp-json\/wp\/v2\/posts\/1126\/revisions"}],"wp:featuredmedia":[{"embeddable":true,"href":"https:\/\/gremiovencedor.com.br\/novo\/wp-json\/wp\/v2\/media\/1127"}],"wp:attachment":[{"href":"https:\/\/gremiovencedor.com.br\/novo\/wp-json\/wp\/v2\/media?parent=1126"}],"wp:term":[{"taxonomy":"category","embeddable":true,"href":"https:\/\/gremiovencedor.com.br\/novo\/wp-json\/wp\/v2\/categories?post=1126"},{"taxonomy":"post_tag","embeddable":true,"href":"https:\/\/gremiovencedor.com.br\/novo\/wp-json\/wp\/v2\/tags?post=1126"}],"curies":[{"name":"wp","href":"https:\/\/api.w.org\/{rel}","templated":true}]}}