{"id":1128,"date":"2021-08-25T12:00:00","date_gmt":"2021-08-25T15:00:00","guid":{"rendered":"https:\/\/gremiovencedor.com.br\/novo\/plenaria-virtual-do-mgv-aborda-momento-delicado-do-clube\/"},"modified":"2021-08-25T12:00:00","modified_gmt":"2021-08-25T15:00:00","slug":"plenaria-virtual-do-mgv-aborda-momento-delicado-do-clube","status":"publish","type":"post","link":"https:\/\/gremiovencedor.com.br\/novo\/plenaria-virtual-do-mgv-aborda-momento-delicado-do-clube\/","title":{"rendered":"Plen\u00e1ria virtual do MGV aborda momento delicado do clube"},"content":{"rendered":"<p>O Movimento Gr\u00eamio Vencedor \u2013 MGV esteve reunido virtualmente, na ter\u00e7a-feira (24), para debater a situa\u00e7\u00e3o atual do clube dentro de campo e politicamente. David Stival, um dos coordenadores do MGV, iniciou a Plen\u00e1ria fazendo um relato das reuni\u00f5es do Conselho Pol\u00edtico, convocadas pela presid\u00eancia do Gr\u00eamio, e que contaram com a participa\u00e7\u00e3o de todos os movimentos do clube.\u00a0 Em seguida, o conselheiro e integrante da Comiss\u00e3o para Assuntos Relativos ao Futebol do Conselho Deliberativo, Renato Kliemann Paese, fez um resumo da sua fala na \u00faltima reuni\u00e3o do CD. Na oportunidade, cada movimento escolheu um representante para fazer uma manifesta\u00e7\u00e3o ou pergunta \u00e0 diretoria do Tricolor. Thiago Brunetto, um dos coordenadores do MGV e secret\u00e1rio do CD, tamb\u00e9m fez um relato sobre a reuni\u00e3o, na qual o presidente Romildo Bolzan e o vice-presidente de Futebol, Marcos Herrmann, responderam aos questionamentos dos conselheiros.\u00a0 Nestas reuni\u00f5es, o posicionamento do Movimento Gr\u00eamio Vencedor foi no sentido de que manter\u00e1 sua linha cr\u00edtica, como um grupo pol\u00edtico independente e que n\u00e3o participa da atual gest\u00e3o do clube, mas ressaltando que o momento \u00e9 de uni\u00e3o para superar a situa\u00e7\u00e3o delicada dentro de campo.\u00a0 Ao final da Plen\u00e1ria, foi aberta a palavra para os demais participantes, que expuseram suas opini\u00f5es. Foi deliberado, ainda, que as pr\u00f3ximas reuni\u00f5es ocorrer\u00e3o com uma periodicidade maior.<\/p>\n","protected":false},"excerpt":{"rendered":"<p>O Movimento Gr\u00eamio Vencedor \u2013 MGV esteve reunido virtualmente, na ter\u00e7a-feira (24), para debater a situa\u00e7\u00e3o atual do clube dentro de campo e politicamente. David Stival, um dos coordenadores do MGV, iniciou a Plen\u00e1ria fazendo um relato das reuni\u00f5es do Conselho Pol\u00edtico, convocadas pela presid\u00eancia do Gr\u00eamio, e que contaram com a participa\u00e7\u00e3o de todos [&hellip;]<\/p>\n","protected":false},"author":1,"featured_media":1129,"comment_status":"open","ping_status":"open","sticky":false,"template":"","format":"standard","meta":{"_monsterinsights_skip_tracking":false,"footnotes":""},"categories":[1],"tags":[],"class_list":["post-1128","post","type-post","status-publish","format-standard","has-post-thumbnail","hentry","category-sem-categoria"],"_links":{"self":[{"href":"https:\/\/gremiovencedor.com.br\/novo\/wp-json\/wp\/v2\/posts\/1128","targetHints":{"allow":["GET"]}}],"collection":[{"href":"https:\/\/gremiovencedor.com.br\/novo\/wp-json\/wp\/v2\/posts"}],"about":[{"href":"https:\/\/gremiovencedor.com.br\/novo\/wp-json\/wp\/v2\/types\/post"}],"author":[{"embeddable":true,"href":"https:\/\/gremiovencedor.com.br\/novo\/wp-json\/wp\/v2\/users\/1"}],"replies":[{"embeddable":true,"href":"https:\/\/gremiovencedor.com.br\/novo\/wp-json\/wp\/v2\/comments?post=1128"}],"version-history":[{"count":0,"href":"https:\/\/gremiovencedor.com.br\/novo\/wp-json\/wp\/v2\/posts\/1128\/revisions"}],"wp:featuredmedia":[{"embeddable":true,"href":"https:\/\/gremiovencedor.com.br\/novo\/wp-json\/wp\/v2\/media\/1129"}],"wp:attachment":[{"href":"https:\/\/gremiovencedor.com.br\/novo\/wp-json\/wp\/v2\/media?parent=1128"}],"wp:term":[{"taxonomy":"category","embeddable":true,"href":"https:\/\/gremiovencedor.com.br\/novo\/wp-json\/wp\/v2\/categories?post=1128"},{"taxonomy":"post_tag","embeddable":true,"href":"https:\/\/gremiovencedor.com.br\/novo\/wp-json\/wp\/v2\/tags?post=1128"}],"curies":[{"name":"wp","href":"https:\/\/api.w.org\/{rel}","templated":true}]}}