{"id":1130,"date":"2021-09-13T12:00:00","date_gmt":"2021-09-13T15:00:00","guid":{"rendered":"https:\/\/gremiovencedor.com.br\/novo\/cacalo-felipao-galatto-e-osvaldo-eternizados-na-calcada-da-fama\/"},"modified":"2021-09-13T12:00:00","modified_gmt":"2021-09-13T15:00:00","slug":"cacalo-felipao-galatto-e-osvaldo-eternizados-na-calcada-da-fama","status":"publish","type":"post","link":"https:\/\/gremiovencedor.com.br\/novo\/cacalo-felipao-galatto-e-osvaldo-eternizados-na-calcada-da-fama\/","title":{"rendered":"Cacalo, Felip\u00e3o, Galatto e Osvaldo eternizados na Cal\u00e7ada da Fama"},"content":{"rendered":"<p>As comemora\u00e7\u00f5es pelos 118 anos do Gr\u00eamio Foot-Ball Porto Alegrense tiveram in\u00edcio nesta segunda-feira (13) com a sess\u00e3o solene do Conselho Deliberativo e a homenagem da Cal\u00e7ada da Fama. O ex-presidente do clube e presidente de honra do Movimento Gr\u00eamio Vencedor &#8211; MGV, Luiz Carlos Silveira Martins, o t\u00e9cnico Luiz Felipe Scolari e os ex-atletas Galatto e Osvaldo foram os homenageados. O MGV, apoiado por outros movimentos pol\u00edticos, indicou os nomes de Felip\u00e3o e Galatto.\u00a0 Ao assinar seu nome na Cal\u00e7ada, o atual comandante gremista destacou seu amor pelo clube: \u201cAl\u00e9m de ser gremista desde que nasci, fui aben\u00e7oado de ter a oportunidade de viver o Gr\u00eamio. Eu vivo o Gr\u00eamio\u201d. O ex-goleiro Galatto, que defendeu o p\u00eanalti \u00a0na Batalha dos Aflitos, partida que recolocou o Tricolor na elite do futebol brasileiro, mostrou-se emocionado com a honraria: \u201cMeu sonho era vestir a camiseta do Gr\u00eamio pelo menos uma vez na vida. Hoje, estou realizando um sonho de crian\u00e7a e o sonho da minha fam\u00edlia.\u201d O ex-presidente Luiz Carlos Silveira Martins, o Cacalo, agradeceu \u00e0 torcida pela distin\u00e7\u00e3o: \u201cEssa homenagem emociona e vai ao fundo do cora\u00e7\u00e3o\u201d. O ex-meia Osvaldo, campe\u00e3o mundial de 1983, ao eternizar seus p\u00e9s na Cal\u00e7ada da Fama, refor\u00e7ou seu carinho pelo Tricolor: \u201cFoi um grande orgulho vestir a camisa do Gr\u00eamio. Fiz com o cora\u00e7\u00e3o\u201d. Parab\u00e9ns aos homenageados! Todos merecedores desta honraria! Fotos: Lucas Uebel\/Gr\u00eamio FBPA<\/p>\n","protected":false},"excerpt":{"rendered":"<p>As comemora\u00e7\u00f5es pelos 118 anos do Gr\u00eamio Foot-Ball Porto Alegrense tiveram in\u00edcio nesta segunda-feira (13) com a sess\u00e3o solene do Conselho Deliberativo e a homenagem da Cal\u00e7ada da Fama. O ex-presidente do clube e presidente de honra do Movimento Gr\u00eamio Vencedor &#8211; MGV, Luiz Carlos Silveira Martins, o t\u00e9cnico Luiz Felipe Scolari e os ex-atletas [&hellip;]<\/p>\n","protected":false},"author":1,"featured_media":1131,"comment_status":"open","ping_status":"open","sticky":false,"template":"","format":"standard","meta":{"_monsterinsights_skip_tracking":false,"footnotes":""},"categories":[1],"tags":[],"class_list":["post-1130","post","type-post","status-publish","format-standard","has-post-thumbnail","hentry","category-sem-categoria"],"_links":{"self":[{"href":"https:\/\/gremiovencedor.com.br\/novo\/wp-json\/wp\/v2\/posts\/1130","targetHints":{"allow":["GET"]}}],"collection":[{"href":"https:\/\/gremiovencedor.com.br\/novo\/wp-json\/wp\/v2\/posts"}],"about":[{"href":"https:\/\/gremiovencedor.com.br\/novo\/wp-json\/wp\/v2\/types\/post"}],"author":[{"embeddable":true,"href":"https:\/\/gremiovencedor.com.br\/novo\/wp-json\/wp\/v2\/users\/1"}],"replies":[{"embeddable":true,"href":"https:\/\/gremiovencedor.com.br\/novo\/wp-json\/wp\/v2\/comments?post=1130"}],"version-history":[{"count":0,"href":"https:\/\/gremiovencedor.com.br\/novo\/wp-json\/wp\/v2\/posts\/1130\/revisions"}],"wp:featuredmedia":[{"embeddable":true,"href":"https:\/\/gremiovencedor.com.br\/novo\/wp-json\/wp\/v2\/media\/1131"}],"wp:attachment":[{"href":"https:\/\/gremiovencedor.com.br\/novo\/wp-json\/wp\/v2\/media?parent=1130"}],"wp:term":[{"taxonomy":"category","embeddable":true,"href":"https:\/\/gremiovencedor.com.br\/novo\/wp-json\/wp\/v2\/categories?post=1130"},{"taxonomy":"post_tag","embeddable":true,"href":"https:\/\/gremiovencedor.com.br\/novo\/wp-json\/wp\/v2\/tags?post=1130"}],"curies":[{"name":"wp","href":"https:\/\/api.w.org\/{rel}","templated":true}]}}