{"id":1132,"date":"2021-10-19T12:00:00","date_gmt":"2021-10-19T15:00:00","guid":{"rendered":"https:\/\/gremiovencedor.com.br\/novo\/mgv-realiza-nova-plenaria-virtual-para-avaliar-momento-do-futebol\/"},"modified":"2021-10-19T12:00:00","modified_gmt":"2021-10-19T15:00:00","slug":"mgv-realiza-nova-plenaria-virtual-para-avaliar-momento-do-futebol","status":"publish","type":"post","link":"https:\/\/gremiovencedor.com.br\/novo\/mgv-realiza-nova-plenaria-virtual-para-avaliar-momento-do-futebol\/","title":{"rendered":"MGV realiza nova plen\u00e1ria virtual para avaliar momento do futebol"},"content":{"rendered":"<p>O Movimento Gr\u00eamio Vencedor \u2013 MGV esteve reunido, mais uma vez virtualmente, na segunda-feira (18), para avaliar o momento delicado do clube e as recentes mudan\u00e7as no departamento de futebol, com a contrata\u00e7\u00e3o do t\u00e9cnico Vagner Mancini e as nomea\u00e7\u00f5es de D\u00eanis Abrah\u00e3o para vice-presidente e S\u00e9rgio Vazques para diretor. Thiago Brunetto, um dos coordenadores do MGV, iniciou o encontro fazendo um relato das \u00faltimas movimenta\u00e7\u00f5es pol\u00edticas do clube. O conselheiro destacou a postura do MGV, de unir for\u00e7as em prol do futebol. Na sequ\u00eancia, os tamb\u00e9m coordenadores David Stival, Joel Machado e Maur\u00edcio Pedrassani avaliaram as quest\u00f5es pol\u00edticas das \u00faltimas mudan\u00e7as, refor\u00e7ando que a aten\u00e7\u00e3o total, neste momento, deve ser o time e a situa\u00e7\u00e3o no Brasileir\u00e3o. Os conselheiros Ronald Castro e Renato Kliemann Paese encerraram o encontro expondo suas opini\u00f5es sobre a atual gest\u00e3o e a sua responsabilidade no per\u00edodo de instabilidade que o clube enfrenta.\u00a0 Foi deliberado, ainda, que a reuni\u00e3o de final de ano para avalia\u00e7\u00e3o da temporada dever\u00e1 ser em formato presencial, respeitando todos os protocolos sanit\u00e1rios, em data a ser definida pela coordena\u00e7\u00e3o.<\/p>\n","protected":false},"excerpt":{"rendered":"<p>O Movimento Gr\u00eamio Vencedor \u2013 MGV esteve reunido, mais uma vez virtualmente, na segunda-feira (18), para avaliar o momento delicado do clube e as recentes mudan\u00e7as no departamento de futebol, com a contrata\u00e7\u00e3o do t\u00e9cnico Vagner Mancini e as nomea\u00e7\u00f5es de D\u00eanis Abrah\u00e3o para vice-presidente e S\u00e9rgio Vazques para diretor. Thiago Brunetto, um dos coordenadores [&hellip;]<\/p>\n","protected":false},"author":1,"featured_media":1133,"comment_status":"open","ping_status":"open","sticky":false,"template":"","format":"standard","meta":{"_monsterinsights_skip_tracking":false,"footnotes":""},"categories":[1],"tags":[],"class_list":["post-1132","post","type-post","status-publish","format-standard","has-post-thumbnail","hentry","category-sem-categoria"],"_links":{"self":[{"href":"https:\/\/gremiovencedor.com.br\/novo\/wp-json\/wp\/v2\/posts\/1132","targetHints":{"allow":["GET"]}}],"collection":[{"href":"https:\/\/gremiovencedor.com.br\/novo\/wp-json\/wp\/v2\/posts"}],"about":[{"href":"https:\/\/gremiovencedor.com.br\/novo\/wp-json\/wp\/v2\/types\/post"}],"author":[{"embeddable":true,"href":"https:\/\/gremiovencedor.com.br\/novo\/wp-json\/wp\/v2\/users\/1"}],"replies":[{"embeddable":true,"href":"https:\/\/gremiovencedor.com.br\/novo\/wp-json\/wp\/v2\/comments?post=1132"}],"version-history":[{"count":0,"href":"https:\/\/gremiovencedor.com.br\/novo\/wp-json\/wp\/v2\/posts\/1132\/revisions"}],"wp:featuredmedia":[{"embeddable":true,"href":"https:\/\/gremiovencedor.com.br\/novo\/wp-json\/wp\/v2\/media\/1133"}],"wp:attachment":[{"href":"https:\/\/gremiovencedor.com.br\/novo\/wp-json\/wp\/v2\/media?parent=1132"}],"wp:term":[{"taxonomy":"category","embeddable":true,"href":"https:\/\/gremiovencedor.com.br\/novo\/wp-json\/wp\/v2\/categories?post=1132"},{"taxonomy":"post_tag","embeddable":true,"href":"https:\/\/gremiovencedor.com.br\/novo\/wp-json\/wp\/v2\/tags?post=1132"}],"curies":[{"name":"wp","href":"https:\/\/api.w.org\/{rel}","templated":true}]}}