{"id":1134,"date":"2021-12-08T12:00:00","date_gmt":"2021-12-08T15:00:00","guid":{"rendered":"https:\/\/gremiovencedor.com.br\/novo\/mgv-realiza-plenaria-de-final-de-ano-para-projetar-2022\/"},"modified":"2021-12-08T12:00:00","modified_gmt":"2021-12-08T15:00:00","slug":"mgv-realiza-plenaria-de-final-de-ano-para-projetar-2022","status":"publish","type":"post","link":"https:\/\/gremiovencedor.com.br\/novo\/mgv-realiza-plenaria-de-final-de-ano-para-projetar-2022\/","title":{"rendered":"MGV realiza plen\u00e1ria de final de ano para projetar 2022"},"content":{"rendered":"<p>O Movimento Gr\u00eamio Vencedor \u2013 MGV esteve reunido, na ter\u00e7a-feira (7), para a \u00faltima plen\u00e1ria do ano. Thiago Brunetto, um dos coordenadores do MGV, iniciou a reuni\u00e3o saudando o retorno dos encontros presenciais, depois de dois anos, e apresentando as pautas da noite.\u00a0 Ap\u00f3s um amplo debate entre todos os presentes, em que foram analisados os motivos pela atual situa\u00e7\u00e3o do futebol e as a\u00e7\u00f5es do MGV, \u00fanico movimento pol\u00edtico que n\u00e3o participa da atual gest\u00e3o do clube, o grupo projetou o ano de 2022 e o seu papel na necess\u00e1ria reestrutura\u00e7\u00e3o que o Gr\u00eamio precisar\u00e1 fazer. Anderson Zanella, David Stival, Renato Munhoz, Maur\u00edcio Pedrassani, Marcos Chitolina, Carlos Valdir Kochhann, Ronald Castro e Thiago Brunetto expuseram suas an\u00e1lises e, principalmente, relembraram o protagonismo do MGV na recondu\u00e7\u00e3o do clube para um caminho vitorioso, a partir da gest\u00e3o F\u00e1bio Koff, da qual fizeram parte, destacando que, outra vez, ser\u00e1 preciso construir um novo Gr\u00eamio. Uma nova reuni\u00e3o do MGV ser\u00e1 marcada no in\u00edcio de 2022.<\/p>\n","protected":false},"excerpt":{"rendered":"<p>O Movimento Gr\u00eamio Vencedor \u2013 MGV esteve reunido, na ter\u00e7a-feira (7), para a \u00faltima plen\u00e1ria do ano. Thiago Brunetto, um dos coordenadores do MGV, iniciou a reuni\u00e3o saudando o retorno dos encontros presenciais, depois de dois anos, e apresentando as pautas da noite.\u00a0 Ap\u00f3s um amplo debate entre todos os presentes, em que foram analisados [&hellip;]<\/p>\n","protected":false},"author":1,"featured_media":1135,"comment_status":"open","ping_status":"open","sticky":false,"template":"","format":"standard","meta":{"_monsterinsights_skip_tracking":false,"footnotes":""},"categories":[1],"tags":[],"class_list":["post-1134","post","type-post","status-publish","format-standard","has-post-thumbnail","hentry","category-sem-categoria"],"_links":{"self":[{"href":"https:\/\/gremiovencedor.com.br\/novo\/wp-json\/wp\/v2\/posts\/1134","targetHints":{"allow":["GET"]}}],"collection":[{"href":"https:\/\/gremiovencedor.com.br\/novo\/wp-json\/wp\/v2\/posts"}],"about":[{"href":"https:\/\/gremiovencedor.com.br\/novo\/wp-json\/wp\/v2\/types\/post"}],"author":[{"embeddable":true,"href":"https:\/\/gremiovencedor.com.br\/novo\/wp-json\/wp\/v2\/users\/1"}],"replies":[{"embeddable":true,"href":"https:\/\/gremiovencedor.com.br\/novo\/wp-json\/wp\/v2\/comments?post=1134"}],"version-history":[{"count":0,"href":"https:\/\/gremiovencedor.com.br\/novo\/wp-json\/wp\/v2\/posts\/1134\/revisions"}],"wp:featuredmedia":[{"embeddable":true,"href":"https:\/\/gremiovencedor.com.br\/novo\/wp-json\/wp\/v2\/media\/1135"}],"wp:attachment":[{"href":"https:\/\/gremiovencedor.com.br\/novo\/wp-json\/wp\/v2\/media?parent=1134"}],"wp:term":[{"taxonomy":"category","embeddable":true,"href":"https:\/\/gremiovencedor.com.br\/novo\/wp-json\/wp\/v2\/categories?post=1134"},{"taxonomy":"post_tag","embeddable":true,"href":"https:\/\/gremiovencedor.com.br\/novo\/wp-json\/wp\/v2\/tags?post=1134"}],"curies":[{"name":"wp","href":"https:\/\/api.w.org\/{rel}","templated":true}]}}