{"id":1140,"date":"2022-03-11T12:00:00","date_gmt":"2022-03-11T15:00:00","guid":{"rendered":"https:\/\/gremiovencedor.com.br\/novo\/nota-oficial-o-gremio-precisa-mudar\/"},"modified":"2022-03-11T12:00:00","modified_gmt":"2022-03-11T15:00:00","slug":"nota-oficial-o-gremio-precisa-mudar","status":"publish","type":"post","link":"https:\/\/gremiovencedor.com.br\/novo\/nota-oficial-o-gremio-precisa-mudar\/","title":{"rendered":"Nota oficial | O Gr\u00eamio precisa mudar!"},"content":{"rendered":"<p>\u00a0 O Movimento Gr\u00eamio Vencedor &#8211; MGV manifesta sua indigna\u00e7\u00e3o com a forma como o Gr\u00eamio est\u00e1 sendo conduzido e com os sucessivos constrangimentos a que est\u00e1 sendo submetida nossa torcida. Ap\u00f3s a vergonhosa temporada de 2021, o m\u00ednimo que o torcedor gremista esperava era a mudan\u00e7a no modelo que nos levou ao rebaixamento no Campeonato Brasileiro, por\u00e9m o que vemos \u00e9 a continuidade dos equ\u00edvocos: aus\u00eancia de uma pol\u00edtica de futebol, contrata\u00e7\u00f5es equivocadas e abaixo da exig\u00eancia para a temporada, manuten\u00e7\u00e3o da fotografia que nos levou ao descenso (pouca renova\u00e7\u00e3o no elenco, mesma dire\u00e7\u00e3o de futebol e, at\u00e9 pouco, mesma comiss\u00e3o t\u00e9cnica) e prioriza\u00e7\u00e3o do resultado financeiro em detrimento da qualifica\u00e7\u00e3o do elenco. Some-se a tudo isso a falta de indigna\u00e7\u00e3o e a pr\u00e1tica de discurso ap\u00e1tico por parte da Dire\u00e7\u00e3o, elementos que contribuem ainda mais para o afastamento do torcedor. Como se o cen\u00e1rio j\u00e1 n\u00e3o fosse suficientemente gravoso, mais uma vez temos que lidar com a especula\u00e7\u00e3o de que objetivos pol\u00edticos pessoais ser\u00e3o sobrepostos a objetivos institucionais, algo que deve ser especialmente lamentado num ano t\u00e3o delicado para o Clube. A vexat\u00f3ria e precoce elimina\u00e7\u00e3o na Copa do Brasil e o desempenho ap\u00e1tico da equipe no cl\u00e1ssico GREnal n\u00ba 435 escancaram a necessidade de contrata\u00e7\u00f5es e sobretudo, de mudan\u00e7as no Gr\u00eamio. \u00c9 preciso humildade para ouvir os anseios do torcedor, que est\u00e1 farto dos constrangimentos sofridos nos \u00faltimos tempos e cujo envolvimento ser\u00e1 fundamental para a recondu\u00e7\u00e3o do Gr\u00eamio ao seu devido lugar de grandeza. Reafirmamos, como grupo pol\u00edtico que jamais integrou a atual gest\u00e3o, nosso compromisso com o Clube e com nossa torcida.<\/p>\n","protected":false},"excerpt":{"rendered":"<p>\u00a0 O Movimento Gr\u00eamio Vencedor &#8211; MGV manifesta sua indigna\u00e7\u00e3o com a forma como o Gr\u00eamio est\u00e1 sendo conduzido e com os sucessivos constrangimentos a que est\u00e1 sendo submetida nossa torcida. Ap\u00f3s a vergonhosa temporada de 2021, o m\u00ednimo que o torcedor gremista esperava era a mudan\u00e7a no modelo que nos levou ao rebaixamento no [&hellip;]<\/p>\n","protected":false},"author":1,"featured_media":1141,"comment_status":"open","ping_status":"open","sticky":false,"template":"","format":"standard","meta":{"_monsterinsights_skip_tracking":false,"footnotes":""},"categories":[1],"tags":[],"class_list":["post-1140","post","type-post","status-publish","format-standard","has-post-thumbnail","hentry","category-sem-categoria"],"_links":{"self":[{"href":"https:\/\/gremiovencedor.com.br\/novo\/wp-json\/wp\/v2\/posts\/1140","targetHints":{"allow":["GET"]}}],"collection":[{"href":"https:\/\/gremiovencedor.com.br\/novo\/wp-json\/wp\/v2\/posts"}],"about":[{"href":"https:\/\/gremiovencedor.com.br\/novo\/wp-json\/wp\/v2\/types\/post"}],"author":[{"embeddable":true,"href":"https:\/\/gremiovencedor.com.br\/novo\/wp-json\/wp\/v2\/users\/1"}],"replies":[{"embeddable":true,"href":"https:\/\/gremiovencedor.com.br\/novo\/wp-json\/wp\/v2\/comments?post=1140"}],"version-history":[{"count":0,"href":"https:\/\/gremiovencedor.com.br\/novo\/wp-json\/wp\/v2\/posts\/1140\/revisions"}],"wp:featuredmedia":[{"embeddable":true,"href":"https:\/\/gremiovencedor.com.br\/novo\/wp-json\/wp\/v2\/media\/1141"}],"wp:attachment":[{"href":"https:\/\/gremiovencedor.com.br\/novo\/wp-json\/wp\/v2\/media?parent=1140"}],"wp:term":[{"taxonomy":"category","embeddable":true,"href":"https:\/\/gremiovencedor.com.br\/novo\/wp-json\/wp\/v2\/categories?post=1140"},{"taxonomy":"post_tag","embeddable":true,"href":"https:\/\/gremiovencedor.com.br\/novo\/wp-json\/wp\/v2\/tags?post=1140"}],"curies":[{"name":"wp","href":"https:\/\/api.w.org\/{rel}","templated":true}]}}