{"id":1146,"date":"2022-06-01T12:00:00","date_gmt":"2022-06-01T15:00:00","guid":{"rendered":"https:\/\/gremiovencedor.com.br\/novo\/cd-aprova-alteracao-estatutaria-apresentada-por-conselheiro-do-mgv\/"},"modified":"2022-06-01T12:00:00","modified_gmt":"2022-06-01T15:00:00","slug":"cd-aprova-alteracao-estatutaria-apresentada-por-conselheiro-do-mgv","status":"publish","type":"post","link":"https:\/\/gremiovencedor.com.br\/novo\/cd-aprova-alteracao-estatutaria-apresentada-por-conselheiro-do-mgv\/","title":{"rendered":"CD aprova altera\u00e7\u00e3o estatut\u00e1ria apresentada por conselheiro do MGV"},"content":{"rendered":"<p>Em reuni\u00e3o na noite de ter\u00e7a-feira (31), o Conselho Deliberativo do Gr\u00eamio aprovou, por ampla maioria, a proposta de altera\u00e7\u00e3o estatut\u00e1ria, apresentada pelo conselheiro do MGV, Joel Machado, para tornar permanente a Comiss\u00e3o Especial para Tratar dos Assuntos Sobre a Inclus\u00e3o e Responsabilidade Social. Al\u00e9m de Joel, David Stival, tamb\u00e9m conselheiro do MGV, integra a Comiss\u00e3o. &#8211; Estamos deixando um legado para o Conselho Deliberativo, que \u00e9 a constru\u00e7\u00e3o de um compromisso permanente com a inclus\u00e3o e responsabilidade social &#8211; destacou Joel. Os conselheiros aprovaram, ainda, a altera\u00e7\u00e3o para tornar permanente a Comiss\u00e3o para Assuntos Relativos aos Consulados.\u00a0 A sess\u00e3o analisou tamb\u00e9m os demonstrativos cont\u00e1beis e financeiros do primeiro trimestre de 2022. A apresenta\u00e7\u00e3o foi seguida pelo parecer do Conselho Fiscal e a apresenta\u00e7\u00e3o do relat\u00f3rio da Comiss\u00e3o de Economia e Finan\u00e7as. Os documentos est\u00e3o dispon\u00edveis no site oficial do Clube (www.gremio.net\/governanca).<\/p>\n","protected":false},"excerpt":{"rendered":"<p>Em reuni\u00e3o na noite de ter\u00e7a-feira (31), o Conselho Deliberativo do Gr\u00eamio aprovou, por ampla maioria, a proposta de altera\u00e7\u00e3o estatut\u00e1ria, apresentada pelo conselheiro do MGV, Joel Machado, para tornar permanente a Comiss\u00e3o Especial para Tratar dos Assuntos Sobre a Inclus\u00e3o e Responsabilidade Social. Al\u00e9m de Joel, David Stival, tamb\u00e9m conselheiro do MGV, integra a [&hellip;]<\/p>\n","protected":false},"author":1,"featured_media":1147,"comment_status":"open","ping_status":"open","sticky":false,"template":"","format":"standard","meta":{"_monsterinsights_skip_tracking":false,"footnotes":""},"categories":[1],"tags":[],"class_list":["post-1146","post","type-post","status-publish","format-standard","has-post-thumbnail","hentry","category-sem-categoria"],"_links":{"self":[{"href":"https:\/\/gremiovencedor.com.br\/novo\/wp-json\/wp\/v2\/posts\/1146","targetHints":{"allow":["GET"]}}],"collection":[{"href":"https:\/\/gremiovencedor.com.br\/novo\/wp-json\/wp\/v2\/posts"}],"about":[{"href":"https:\/\/gremiovencedor.com.br\/novo\/wp-json\/wp\/v2\/types\/post"}],"author":[{"embeddable":true,"href":"https:\/\/gremiovencedor.com.br\/novo\/wp-json\/wp\/v2\/users\/1"}],"replies":[{"embeddable":true,"href":"https:\/\/gremiovencedor.com.br\/novo\/wp-json\/wp\/v2\/comments?post=1146"}],"version-history":[{"count":0,"href":"https:\/\/gremiovencedor.com.br\/novo\/wp-json\/wp\/v2\/posts\/1146\/revisions"}],"wp:featuredmedia":[{"embeddable":true,"href":"https:\/\/gremiovencedor.com.br\/novo\/wp-json\/wp\/v2\/media\/1147"}],"wp:attachment":[{"href":"https:\/\/gremiovencedor.com.br\/novo\/wp-json\/wp\/v2\/media?parent=1146"}],"wp:term":[{"taxonomy":"category","embeddable":true,"href":"https:\/\/gremiovencedor.com.br\/novo\/wp-json\/wp\/v2\/categories?post=1146"},{"taxonomy":"post_tag","embeddable":true,"href":"https:\/\/gremiovencedor.com.br\/novo\/wp-json\/wp\/v2\/tags?post=1146"}],"curies":[{"name":"wp","href":"https:\/\/api.w.org\/{rel}","templated":true}]}}