{"id":1148,"date":"2022-06-02T12:00:00","date_gmt":"2022-06-02T15:00:00","guid":{"rendered":"https:\/\/gremiovencedor.com.br\/novo\/plenaria-do-mgv-debate-cenario-eleitoral-de-2022\/"},"modified":"2022-06-02T12:00:00","modified_gmt":"2022-06-02T15:00:00","slug":"plenaria-do-mgv-debate-cenario-eleitoral-de-2022","status":"publish","type":"post","link":"https:\/\/gremiovencedor.com.br\/novo\/plenaria-do-mgv-debate-cenario-eleitoral-de-2022\/","title":{"rendered":"Plen\u00e1ria do MGV debate cen\u00e1rio eleitoral de 2022"},"content":{"rendered":"<p>O Movimento Gr\u00eamio Vencedor \u2013 MGV esteve reunido na quarta-feira (1\u00ba) para avaliar o cen\u00e1rio pol\u00edtico eleitoral de 2022, ano em que ocorrer\u00e3o as elei\u00e7\u00f5es do Conselho Deliberativo e do Conselho de Administra\u00e7\u00e3o, em setembro e outubro, respectivamente.\u00a0Thiago Brunetto, um dos coordenadores do MGV, abriu a plen\u00e1ria apresentando as pautas do encontro e fazendo uma contextualiza\u00e7\u00e3o pol\u00edtica atual. Em seguida, os tamb\u00e9m coordenadores David Stival, Joel Machado e Renato Munhoz fizeram relatos sobre reuni\u00f5es das quais participaram com outros grupos pol\u00edticos do clube. Os conselheiros Renato Kliemann Paese, Marcos Chitolina e Carlos Valdir Kochhann tamb\u00e9m apresentaram suas an\u00e1lises sobre o momento pol\u00edtico.\u00a0 O futebol tamb\u00e9m foi pauta da reuni\u00e3o, visto que o desempenho do time dentro de campo \u00e9 preocupante. O Gr\u00eamio tem obriga\u00e7\u00e3o de disputar a S\u00e9rie B como protagonista: s\u00f3 assim estar\u00e1, no final, entre os quatro primeiros. O conformismo com que se est\u00e1 encarando a condi\u00e7\u00e3o de coadjuvante \u00e9 assustador, tra\u00e7o da m\u00e1 administra\u00e7\u00e3o que resultou na queda. \u00c9 preciso refor\u00e7os e\u00a0mudan\u00e7as de rota e de discurso. No encontro, o grupo definiu suas pr\u00f3ximas a\u00e7\u00f5es, pautadas na convic\u00e7\u00e3o de que o Gr\u00eamio precisa de uma profunda reestrutura\u00e7\u00e3o e de que o MGV, \u00fanico movimento pol\u00edtico que n\u00e3o participa da atual gest\u00e3o, tem papel importante nesse processo, uma vez que participou com protagonismo da recondu\u00e7\u00e3o do clube para um caminho vitorioso, a partir da\u00a0gest\u00e3o F\u00e1bio Koff. \u00a0<\/p>\n","protected":false},"excerpt":{"rendered":"<p>O Movimento Gr\u00eamio Vencedor \u2013 MGV esteve reunido na quarta-feira (1\u00ba) para avaliar o cen\u00e1rio pol\u00edtico eleitoral de 2022, ano em que ocorrer\u00e3o as elei\u00e7\u00f5es do Conselho Deliberativo e do Conselho de Administra\u00e7\u00e3o, em setembro e outubro, respectivamente.\u00a0Thiago Brunetto, um dos coordenadores do MGV, abriu a plen\u00e1ria apresentando as pautas do encontro e fazendo uma [&hellip;]<\/p>\n","protected":false},"author":1,"featured_media":0,"comment_status":"open","ping_status":"open","sticky":false,"template":"","format":"standard","meta":{"_monsterinsights_skip_tracking":false,"footnotes":""},"categories":[1],"tags":[],"class_list":["post-1148","post","type-post","status-publish","format-standard","hentry","category-sem-categoria"],"_links":{"self":[{"href":"https:\/\/gremiovencedor.com.br\/novo\/wp-json\/wp\/v2\/posts\/1148","targetHints":{"allow":["GET"]}}],"collection":[{"href":"https:\/\/gremiovencedor.com.br\/novo\/wp-json\/wp\/v2\/posts"}],"about":[{"href":"https:\/\/gremiovencedor.com.br\/novo\/wp-json\/wp\/v2\/types\/post"}],"author":[{"embeddable":true,"href":"https:\/\/gremiovencedor.com.br\/novo\/wp-json\/wp\/v2\/users\/1"}],"replies":[{"embeddable":true,"href":"https:\/\/gremiovencedor.com.br\/novo\/wp-json\/wp\/v2\/comments?post=1148"}],"version-history":[{"count":0,"href":"https:\/\/gremiovencedor.com.br\/novo\/wp-json\/wp\/v2\/posts\/1148\/revisions"}],"wp:attachment":[{"href":"https:\/\/gremiovencedor.com.br\/novo\/wp-json\/wp\/v2\/media?parent=1148"}],"wp:term":[{"taxonomy":"category","embeddable":true,"href":"https:\/\/gremiovencedor.com.br\/novo\/wp-json\/wp\/v2\/categories?post=1148"},{"taxonomy":"post_tag","embeddable":true,"href":"https:\/\/gremiovencedor.com.br\/novo\/wp-json\/wp\/v2\/tags?post=1148"}],"curies":[{"name":"wp","href":"https:\/\/api.w.org\/{rel}","templated":true}]}}