{"id":1150,"date":"2022-06-30T12:00:00","date_gmt":"2022-06-30T15:00:00","guid":{"rendered":"https:\/\/gremiovencedor.com.br\/novo\/mgv-protocola-requerimento-para-comissao-especial-analisar-filiacao-a-libra\/"},"modified":"2022-06-30T12:00:00","modified_gmt":"2022-06-30T15:00:00","slug":"mgv-protocola-requerimento-para-comissao-especial-analisar-filiacao-a-libra","status":"publish","type":"post","link":"https:\/\/gremiovencedor.com.br\/novo\/mgv-protocola-requerimento-para-comissao-especial-analisar-filiacao-a-libra\/","title":{"rendered":"MGV protocola requerimento para Comiss\u00e3o Especial analisar filia\u00e7\u00e3o \u00e0 Libra"},"content":{"rendered":"<p>O Movimento Gr\u00eamio Vencedor &#8211; MGV protocolou nesta quinta-feira (30) requerimento para a instala\u00e7\u00e3o de uma Comiss\u00e3o Especial no Conselho Deliberativo para acompanhar o processo de ades\u00e3o \u00e0 Liga do Futebol Brasileiro (Libra). A proposta de instala\u00e7\u00e3o foi sugerida pelo MGV em reuni\u00e3o do Conselho ontem (29), na qual os conselheiros aprovaram a ades\u00e3o do clube ao projeto. Apesar dos esclarecimentos por parte da dire\u00e7\u00e3o gremista e do debate realizado ontem entre os conselheiros, o MGV entende que um tema de tamanha relev\u00e2ncia deveria ter um per\u00edodo maior para discuss\u00e3o e an\u00e1lise de documentos. A instala\u00e7\u00e3o de uma Comiss\u00e3o Especial visa, justamente, dar uma maior prote\u00e7\u00e3o ao clube e transpar\u00eancia aos encaminhamentos necess\u00e1rios.\u00a0 Leia abaixo o requerimento formulado pelo MGV e assinado por diversos conselheiros:<\/p>\n","protected":false},"excerpt":{"rendered":"<p>O Movimento Gr\u00eamio Vencedor &#8211; MGV protocolou nesta quinta-feira (30) requerimento para a instala\u00e7\u00e3o de uma Comiss\u00e3o Especial no Conselho Deliberativo para acompanhar o processo de ades\u00e3o \u00e0 Liga do Futebol Brasileiro (Libra). A proposta de instala\u00e7\u00e3o foi sugerida pelo MGV em reuni\u00e3o do Conselho ontem (29), na qual os conselheiros aprovaram a ades\u00e3o do [&hellip;]<\/p>\n","protected":false},"author":1,"featured_media":1151,"comment_status":"open","ping_status":"open","sticky":false,"template":"","format":"standard","meta":{"_monsterinsights_skip_tracking":false,"footnotes":""},"categories":[1],"tags":[],"class_list":["post-1150","post","type-post","status-publish","format-standard","has-post-thumbnail","hentry","category-sem-categoria"],"_links":{"self":[{"href":"https:\/\/gremiovencedor.com.br\/novo\/wp-json\/wp\/v2\/posts\/1150","targetHints":{"allow":["GET"]}}],"collection":[{"href":"https:\/\/gremiovencedor.com.br\/novo\/wp-json\/wp\/v2\/posts"}],"about":[{"href":"https:\/\/gremiovencedor.com.br\/novo\/wp-json\/wp\/v2\/types\/post"}],"author":[{"embeddable":true,"href":"https:\/\/gremiovencedor.com.br\/novo\/wp-json\/wp\/v2\/users\/1"}],"replies":[{"embeddable":true,"href":"https:\/\/gremiovencedor.com.br\/novo\/wp-json\/wp\/v2\/comments?post=1150"}],"version-history":[{"count":0,"href":"https:\/\/gremiovencedor.com.br\/novo\/wp-json\/wp\/v2\/posts\/1150\/revisions"}],"wp:featuredmedia":[{"embeddable":true,"href":"https:\/\/gremiovencedor.com.br\/novo\/wp-json\/wp\/v2\/media\/1151"}],"wp:attachment":[{"href":"https:\/\/gremiovencedor.com.br\/novo\/wp-json\/wp\/v2\/media?parent=1150"}],"wp:term":[{"taxonomy":"category","embeddable":true,"href":"https:\/\/gremiovencedor.com.br\/novo\/wp-json\/wp\/v2\/categories?post=1150"},{"taxonomy":"post_tag","embeddable":true,"href":"https:\/\/gremiovencedor.com.br\/novo\/wp-json\/wp\/v2\/tags?post=1150"}],"curies":[{"name":"wp","href":"https:\/\/api.w.org\/{rel}","templated":true}]}}