{"id":1152,"date":"2022-08-10T12:00:00","date_gmt":"2022-08-10T15:00:00","guid":{"rendered":"https:\/\/gremiovencedor.com.br\/novo\/o-legalismo-venceu-o-bom-senso\/"},"modified":"2022-08-10T12:00:00","modified_gmt":"2022-08-10T15:00:00","slug":"o-legalismo-venceu-o-bom-senso","status":"publish","type":"post","link":"https:\/\/gremiovencedor.com.br\/novo\/o-legalismo-venceu-o-bom-senso\/","title":{"rendered":"O legalismo venceu o bom senso"},"content":{"rendered":"<p>A reuni\u00e3o do Conselho Deliberativo do Gr\u00eamio, segunda-feira (8), na Arena, n\u00e3o tinha o objetivo de apreciar a legalidade ou n\u00e3o do Plano de Regulariza\u00e7\u00e3o dos s\u00f3cios em atraso no per\u00edodo de pandemia. Isso o Jur\u00eddico do clube e a Comiss\u00e3o de Assuntos Legais do CD fizeram, afirmando, com boa fundamenta\u00e7\u00e3o que, na medida em que a dire\u00e7\u00e3o criou essa possibilidade de regulariza\u00e7\u00e3o, com o entendimento de excepcionalidade, os s\u00f3cios regularizados voltariam a adquirir todos os seus direitos, at\u00e9 porque n\u00e3o houve mudan\u00e7a nos n\u00fameros de matr\u00edcula.\u00a0 O debate, ent\u00e3o, n\u00e3o poderia ter priorizado as quest\u00f5es legais, e sim as quest\u00f5es de pol\u00edtica de gest\u00e3o em favor do Gr\u00eamio. Afinal, basta observar a tabela apresentada na reuni\u00e3o, sobre o perfil e os setores ocupados pelos s\u00f3cios que estavam inadimplentes, para concluir que foi uma quest\u00e3o econ\u00f4mica e social.\u00a0 Essa era a tem\u00e1tica que deveria ter prevalecido no debate. N\u00e3o tem rela\u00e7\u00e3o com casu\u00edsmo jur\u00eddico ou estatut\u00e1rio. E sim de reconhecer que muitos s\u00f3cios tiveram dificuldades, em raz\u00e3o das excepcionais condi\u00e7\u00f5es impostas pela pandemia, que convulsionou o mundo, para manter seus pagamentos em dia. Al\u00e9m do que, na situa\u00e7\u00e3o atual do clube, \u00e9 fundamental resgatar s\u00f3cios e permitir que voltem, n\u00e3o s\u00f3 a contribuir, mas tamb\u00e9m a exercer seus direitos estatut\u00e1rios de votar e serem votados.\u00a0 A decis\u00e3o do CD do Gr\u00eamio, portanto, instituiu uma nova modalidade: o s\u00f3cio pela metade, que pode assistir aos jogos na Arena, mas n\u00e3o tem o direito de exercer seu poder de associado. Faltou sensibilidade da maioria dos conselheiros (122 a 94) de entender que o legalismo \u00e9 importante, mas n\u00e3o pode se sobrepor ao bom senso e \u00e0 boa pol\u00edtica.\u00a0 O Movimento Gr\u00eamio Vencedor &#8211; MGV lamenta a falta de compreens\u00e3o e sensibilidade que impedir\u00e3o que um n\u00famero significativo de associados tornem nossa elei\u00e7\u00e3o mais democr\u00e1tica e participativa.<\/p>\n","protected":false},"excerpt":{"rendered":"<p>A reuni\u00e3o do Conselho Deliberativo do Gr\u00eamio, segunda-feira (8), na Arena, n\u00e3o tinha o objetivo de apreciar a legalidade ou n\u00e3o do Plano de Regulariza\u00e7\u00e3o dos s\u00f3cios em atraso no per\u00edodo de pandemia. Isso o Jur\u00eddico do clube e a Comiss\u00e3o de Assuntos Legais do CD fizeram, afirmando, com boa fundamenta\u00e7\u00e3o que, na medida em [&hellip;]<\/p>\n","protected":false},"author":1,"featured_media":1153,"comment_status":"open","ping_status":"open","sticky":false,"template":"","format":"standard","meta":{"_monsterinsights_skip_tracking":false,"footnotes":""},"categories":[1],"tags":[],"class_list":["post-1152","post","type-post","status-publish","format-standard","has-post-thumbnail","hentry","category-sem-categoria"],"_links":{"self":[{"href":"https:\/\/gremiovencedor.com.br\/novo\/wp-json\/wp\/v2\/posts\/1152","targetHints":{"allow":["GET"]}}],"collection":[{"href":"https:\/\/gremiovencedor.com.br\/novo\/wp-json\/wp\/v2\/posts"}],"about":[{"href":"https:\/\/gremiovencedor.com.br\/novo\/wp-json\/wp\/v2\/types\/post"}],"author":[{"embeddable":true,"href":"https:\/\/gremiovencedor.com.br\/novo\/wp-json\/wp\/v2\/users\/1"}],"replies":[{"embeddable":true,"href":"https:\/\/gremiovencedor.com.br\/novo\/wp-json\/wp\/v2\/comments?post=1152"}],"version-history":[{"count":0,"href":"https:\/\/gremiovencedor.com.br\/novo\/wp-json\/wp\/v2\/posts\/1152\/revisions"}],"wp:featuredmedia":[{"embeddable":true,"href":"https:\/\/gremiovencedor.com.br\/novo\/wp-json\/wp\/v2\/media\/1153"}],"wp:attachment":[{"href":"https:\/\/gremiovencedor.com.br\/novo\/wp-json\/wp\/v2\/media?parent=1152"}],"wp:term":[{"taxonomy":"category","embeddable":true,"href":"https:\/\/gremiovencedor.com.br\/novo\/wp-json\/wp\/v2\/categories?post=1152"},{"taxonomy":"post_tag","embeddable":true,"href":"https:\/\/gremiovencedor.com.br\/novo\/wp-json\/wp\/v2\/tags?post=1152"}],"curies":[{"name":"wp","href":"https:\/\/api.w.org\/{rel}","templated":true}]}}