{"id":1154,"date":"2022-08-19T12:00:00","date_gmt":"2022-08-19T15:00:00","guid":{"rendered":"https:\/\/gremiovencedor.com.br\/novo\/plenaria-do-mgv-debate-eleicoes-do-gremio\/"},"modified":"2022-08-19T12:00:00","modified_gmt":"2022-08-19T15:00:00","slug":"plenaria-do-mgv-debate-eleicoes-do-gremio","status":"publish","type":"post","link":"https:\/\/gremiovencedor.com.br\/novo\/plenaria-do-mgv-debate-eleicoes-do-gremio\/","title":{"rendered":"Plen\u00e1ria do MGV debate elei\u00e7\u00f5es do Gr\u00eamio"},"content":{"rendered":"<p>O Movimento Gr\u00eamio Vencedor \u2013 MGV realizou plen\u00e1ria virtual na quinta-feira (18) para debater as elei\u00e7\u00f5es do Conselho Deliberativo e do Conselho de Administra\u00e7\u00e3o do Gr\u00eamio, em setembro e outubro, respectivamente.\u00a0David Stival, um dos coordenadores do MGV, iniciou o encontro fazendo um panorama do cen\u00e1rio eleitoral e relatando as \u00faltimas atualiza\u00e7\u00f5es sobre as articula\u00e7\u00f5es pol\u00edticas. Em seguida, foram apresentados os nomes dos integrantes que est\u00e3o aptos a concorrer no pleito. Thiago Brunetto, tamb\u00e9m coordenador do Movimento, falou sobre os encaminhamentos de poss\u00edveis alian\u00e7as para a renova\u00e7\u00e3o do CD e elei\u00e7\u00e3o presidencial. Na sequ\u00eancia, fizeram o uso da palavra os integrantes Paulo Airoldi, Ant\u00f4nio Castro, Marcos Chitolina, Anderson Zanella, Wagner Silva, Altair Lemos, Joel Machado e Robserson Marquez.\u00a0 Ficou definido na reuni\u00e3o que Wagner Silva participar\u00e1 da Comiss\u00e3o Financeira da campanha, Joel Machado da Comiss\u00e3o de Marketing e Altair Lemos e Paulo Airoldi da Comiss\u00e3o Jur\u00eddica.<\/p>\n","protected":false},"excerpt":{"rendered":"<p>O Movimento Gr\u00eamio Vencedor \u2013 MGV realizou plen\u00e1ria virtual na quinta-feira (18) para debater as elei\u00e7\u00f5es do Conselho Deliberativo e do Conselho de Administra\u00e7\u00e3o do Gr\u00eamio, em setembro e outubro, respectivamente.\u00a0David Stival, um dos coordenadores do MGV, iniciou o encontro fazendo um panorama do cen\u00e1rio eleitoral e relatando as \u00faltimas atualiza\u00e7\u00f5es sobre as articula\u00e7\u00f5es pol\u00edticas. [&hellip;]<\/p>\n","protected":false},"author":1,"featured_media":1155,"comment_status":"open","ping_status":"open","sticky":false,"template":"","format":"standard","meta":{"_monsterinsights_skip_tracking":false,"footnotes":""},"categories":[1],"tags":[],"class_list":["post-1154","post","type-post","status-publish","format-standard","has-post-thumbnail","hentry","category-sem-categoria"],"_links":{"self":[{"href":"https:\/\/gremiovencedor.com.br\/novo\/wp-json\/wp\/v2\/posts\/1154","targetHints":{"allow":["GET"]}}],"collection":[{"href":"https:\/\/gremiovencedor.com.br\/novo\/wp-json\/wp\/v2\/posts"}],"about":[{"href":"https:\/\/gremiovencedor.com.br\/novo\/wp-json\/wp\/v2\/types\/post"}],"author":[{"embeddable":true,"href":"https:\/\/gremiovencedor.com.br\/novo\/wp-json\/wp\/v2\/users\/1"}],"replies":[{"embeddable":true,"href":"https:\/\/gremiovencedor.com.br\/novo\/wp-json\/wp\/v2\/comments?post=1154"}],"version-history":[{"count":0,"href":"https:\/\/gremiovencedor.com.br\/novo\/wp-json\/wp\/v2\/posts\/1154\/revisions"}],"wp:featuredmedia":[{"embeddable":true,"href":"https:\/\/gremiovencedor.com.br\/novo\/wp-json\/wp\/v2\/media\/1155"}],"wp:attachment":[{"href":"https:\/\/gremiovencedor.com.br\/novo\/wp-json\/wp\/v2\/media?parent=1154"}],"wp:term":[{"taxonomy":"category","embeddable":true,"href":"https:\/\/gremiovencedor.com.br\/novo\/wp-json\/wp\/v2\/categories?post=1154"},{"taxonomy":"post_tag","embeddable":true,"href":"https:\/\/gremiovencedor.com.br\/novo\/wp-json\/wp\/v2\/tags?post=1154"}],"curies":[{"name":"wp","href":"https:\/\/api.w.org\/{rel}","templated":true}]}}