{"id":1156,"date":"2022-09-06T12:00:00","date_gmt":"2022-09-06T15:00:00","guid":{"rendered":"https:\/\/gremiovencedor.com.br\/novo\/mgv-participa-de-lancamento-da-chapa-gremio-com-o-guerra\/"},"modified":"2022-09-06T12:00:00","modified_gmt":"2022-09-06T15:00:00","slug":"mgv-participa-de-lancamento-da-chapa-gremio-com-o-guerra","status":"publish","type":"post","link":"https:\/\/gremiovencedor.com.br\/novo\/mgv-participa-de-lancamento-da-chapa-gremio-com-o-guerra\/","title":{"rendered":"MGV participa de lan\u00e7amento da chapa Gr\u00eamio com o Guerra"},"content":{"rendered":"<p>O Movimento Gr\u00eamio Vencedor &#8211; MGV participou, na noite de segunda-feira (5), do lan\u00e7amento oficial da chapa \u201cGr\u00eamio com o Guerra\u201d para o Conselho Deliberativo (CD) do clube. Mais de 600 gremistas lotaram a churrascaria CTG 35, em Porto Alegre. A chapa, que ser\u00e1 inscrita nesta ter\u00e7a-feira (6), conta com nove movimentos gremistas. Al\u00e9m do MGV, participam os grupos Gr\u00eamio Primeiro, Movimento Gr\u00eamio Independente &#8211; MGI, Gr\u00eamio Novo, Na\u00e7\u00e3o Tricolor, Gr\u00eamio Mais, Gr\u00eamio Acima de Tudo, S\u00f3cios Livres e Gr\u00eamio Plano A. David Stival, conselheiro do Gr\u00eamio e um dos coordenadores do MGV, destacou em seu discurso a import\u00e2ncia da elei\u00e7\u00e3o para a renova\u00e7\u00e3o de metade do Conselho Deliberativo, que ocorre no dia 24 de setembro: \u2013 Para que possamos voltar \u00e0s grandes vit\u00f3rias e conquistas, precisamos ter compromisso e muito trabalho. \u00c9 fundamental que tenhamos grande representatividade no Conselho, pois a mudan\u00e7a come\u00e7a ali. Agora \u00e9 hora de pensar no futuro do clube. \u00c9 Gr\u00eamio com Guerra para que a torcida possa ter paz e alegria daqui para frente. Ser\u00e3o eleitos 150 conselheiros e 30 suplentes do Conselho Deliberativo, com mandato de 2022 a 2028.\u00a0As elei\u00e7\u00f5es s\u00e3o proporcionais, sendo eleitos os representantes das chapas que alcan\u00e7arem o m\u00ednimo de 15% (quinze por cento) dos votos v\u00e1lidos.\u00a0 A elei\u00e7\u00e3o do CD \u00e9 o primeiro passo para a escolha do novo presidente do Gr\u00eamio, uma vez que os candidatos que disputar\u00e3o a prefer\u00eancia dos associados precisam ultrapassar a cl\u00e1usula de barreira de 20% em vota\u00e7\u00e3o no Conselho. \u2013 Quero dizer que aceito o desafio que me foi imputado. Me sinto preparado para liderar o Gr\u00eamio. O Gr\u00eamio n\u00e3o caiu. Ele foi jogado na segunda divis\u00e3o. Eu disse o que estava acontecendo de errado e que do jeito que as coisas estavam indo n\u00e3o iam acabar bem. Por isso me sinto capacitado para enfrentar os desafios \u2013 ressaltou Alberto Guerra, ex-dirigente gremista, que na ocasi\u00e3o se lan\u00e7ou \u00e0 presid\u00eancia.\u00a0<\/p>\n","protected":false},"excerpt":{"rendered":"<p>O Movimento Gr\u00eamio Vencedor &#8211; MGV participou, na noite de segunda-feira (5), do lan\u00e7amento oficial da chapa \u201cGr\u00eamio com o Guerra\u201d para o Conselho Deliberativo (CD) do clube. Mais de 600 gremistas lotaram a churrascaria CTG 35, em Porto Alegre. A chapa, que ser\u00e1 inscrita nesta ter\u00e7a-feira (6), conta com nove movimentos gremistas. Al\u00e9m do [&hellip;]<\/p>\n","protected":false},"author":1,"featured_media":1157,"comment_status":"open","ping_status":"open","sticky":false,"template":"","format":"standard","meta":{"_monsterinsights_skip_tracking":false,"footnotes":""},"categories":[1],"tags":[],"class_list":["post-1156","post","type-post","status-publish","format-standard","has-post-thumbnail","hentry","category-sem-categoria"],"_links":{"self":[{"href":"https:\/\/gremiovencedor.com.br\/novo\/wp-json\/wp\/v2\/posts\/1156","targetHints":{"allow":["GET"]}}],"collection":[{"href":"https:\/\/gremiovencedor.com.br\/novo\/wp-json\/wp\/v2\/posts"}],"about":[{"href":"https:\/\/gremiovencedor.com.br\/novo\/wp-json\/wp\/v2\/types\/post"}],"author":[{"embeddable":true,"href":"https:\/\/gremiovencedor.com.br\/novo\/wp-json\/wp\/v2\/users\/1"}],"replies":[{"embeddable":true,"href":"https:\/\/gremiovencedor.com.br\/novo\/wp-json\/wp\/v2\/comments?post=1156"}],"version-history":[{"count":0,"href":"https:\/\/gremiovencedor.com.br\/novo\/wp-json\/wp\/v2\/posts\/1156\/revisions"}],"wp:featuredmedia":[{"embeddable":true,"href":"https:\/\/gremiovencedor.com.br\/novo\/wp-json\/wp\/v2\/media\/1157"}],"wp:attachment":[{"href":"https:\/\/gremiovencedor.com.br\/novo\/wp-json\/wp\/v2\/media?parent=1156"}],"wp:term":[{"taxonomy":"category","embeddable":true,"href":"https:\/\/gremiovencedor.com.br\/novo\/wp-json\/wp\/v2\/categories?post=1156"},{"taxonomy":"post_tag","embeddable":true,"href":"https:\/\/gremiovencedor.com.br\/novo\/wp-json\/wp\/v2\/tags?post=1156"}],"curies":[{"name":"wp","href":"https:\/\/api.w.org\/{rel}","templated":true}]}}