{"id":1158,"date":"2022-09-07T12:00:00","date_gmt":"2022-09-07T15:00:00","guid":{"rendered":"https:\/\/gremiovencedor.com.br\/novo\/mgv-faz-reuniao-com-alberto-guerra\/"},"modified":"2022-09-07T12:00:00","modified_gmt":"2022-09-07T15:00:00","slug":"mgv-faz-reuniao-com-alberto-guerra","status":"publish","type":"post","link":"https:\/\/gremiovencedor.com.br\/novo\/mgv-faz-reuniao-com-alberto-guerra\/","title":{"rendered":"MGV faz reuni\u00e3o com Alberto Guerra"},"content":{"rendered":"<p>O Movimento Gr\u00eamio Vencedor &#8211; MGV reuniu-se na noite de ter\u00e7a-feira (6) com o candidato \u00e0 presid\u00eancia do Gr\u00eamio, Alberto Guerra. O MGV integra a chapa \u201cGr\u00eamio com o Guerra\u201d para as elei\u00e7\u00f5es do Conselho Deliberativo, que ocorrem dia 24 de setembro.\u00a0 Na reuni\u00e3o, Guerra detalhou seu Projeto de Gest\u00e3o e ouviu opini\u00f5es dos integrantes do MGV, muitos deles com experi\u00eancia na gest\u00e3o vitoriosa de Fabio Koff. &#8211; Foi um encontro muito proveitoso. Guerra tem conhecimento de Gr\u00eamio e muita disposi\u00e7\u00e3o para fazer a mudan\u00e7a de rumo que o nosso clube precisa &#8211; destacou o conselheiro gremista e anfitri\u00e3o do encontro, Marco Aur\u00e9lio Mello Moreira. \u00a0 Acesse o Projeto de Gest\u00e3o Gr\u00eamio com o Guerra:\u00a0 https:\/\/www.gremiocomguerra.com.br\/_files\/ugd\/27f3ee_4bcbe34c80d34a2aafa891926d3ff4f3.pdf \u00a0<\/p>\n","protected":false},"excerpt":{"rendered":"<p>O Movimento Gr\u00eamio Vencedor &#8211; MGV reuniu-se na noite de ter\u00e7a-feira (6) com o candidato \u00e0 presid\u00eancia do Gr\u00eamio, Alberto Guerra. O MGV integra a chapa \u201cGr\u00eamio com o Guerra\u201d para as elei\u00e7\u00f5es do Conselho Deliberativo, que ocorrem dia 24 de setembro.\u00a0 Na reuni\u00e3o, Guerra detalhou seu Projeto de Gest\u00e3o e ouviu opini\u00f5es dos integrantes [&hellip;]<\/p>\n","protected":false},"author":1,"featured_media":1159,"comment_status":"open","ping_status":"open","sticky":false,"template":"","format":"standard","meta":{"_monsterinsights_skip_tracking":false,"footnotes":""},"categories":[1],"tags":[],"class_list":["post-1158","post","type-post","status-publish","format-standard","has-post-thumbnail","hentry","category-sem-categoria"],"_links":{"self":[{"href":"https:\/\/gremiovencedor.com.br\/novo\/wp-json\/wp\/v2\/posts\/1158","targetHints":{"allow":["GET"]}}],"collection":[{"href":"https:\/\/gremiovencedor.com.br\/novo\/wp-json\/wp\/v2\/posts"}],"about":[{"href":"https:\/\/gremiovencedor.com.br\/novo\/wp-json\/wp\/v2\/types\/post"}],"author":[{"embeddable":true,"href":"https:\/\/gremiovencedor.com.br\/novo\/wp-json\/wp\/v2\/users\/1"}],"replies":[{"embeddable":true,"href":"https:\/\/gremiovencedor.com.br\/novo\/wp-json\/wp\/v2\/comments?post=1158"}],"version-history":[{"count":0,"href":"https:\/\/gremiovencedor.com.br\/novo\/wp-json\/wp\/v2\/posts\/1158\/revisions"}],"wp:featuredmedia":[{"embeddable":true,"href":"https:\/\/gremiovencedor.com.br\/novo\/wp-json\/wp\/v2\/media\/1159"}],"wp:attachment":[{"href":"https:\/\/gremiovencedor.com.br\/novo\/wp-json\/wp\/v2\/media?parent=1158"}],"wp:term":[{"taxonomy":"category","embeddable":true,"href":"https:\/\/gremiovencedor.com.br\/novo\/wp-json\/wp\/v2\/categories?post=1158"},{"taxonomy":"post_tag","embeddable":true,"href":"https:\/\/gremiovencedor.com.br\/novo\/wp-json\/wp\/v2\/tags?post=1158"}],"curies":[{"name":"wp","href":"https:\/\/api.w.org\/{rel}","templated":true}]}}