{"id":1160,"date":"2022-09-08T12:00:00","date_gmt":"2022-09-08T15:00:00","guid":{"rendered":"https:\/\/gremiovencedor.com.br\/novo\/chapa-gremio-com-o-guerra-protocola-nominata-para-o-cd\/"},"modified":"2022-09-08T12:00:00","modified_gmt":"2022-09-08T15:00:00","slug":"chapa-gremio-com-o-guerra-protocola-nominata-para-o-cd","status":"publish","type":"post","link":"https:\/\/gremiovencedor.com.br\/novo\/chapa-gremio-com-o-guerra-protocola-nominata-para-o-cd\/","title":{"rendered":"Chapa Gr\u00eamio com o Guerra protocola nominata para o CD"},"content":{"rendered":"<p>\u00a0 A Chapa &#8220;Gr\u00eamio com o Guerra&#8221;, composta pelo MGV e mais oito movimentos pol\u00edticos, protocolou no dia 6 de setembro a sua nominata para as elei\u00e7\u00f5es do Conselho Deliberativo. No dia 24 de setembro ser\u00e3o eleitos, por meio de voto dos associados, 150 conselheiros e 30 suplentes, com mandatos de 2022 a 2028.\u00a0Para poder votar, o associado precisa estar com as \u00faltimas 12 mensalidades em dia e com o cadastro atualizado. A vota\u00e7\u00e3o ocorrer\u00e1 de forma presencial na Arena e pela internet. \u00a0 A nominata da chapa \u201cGr\u00eamio com o Guerra\u201d \u00e9 composta por 180 nomes, sendo 14 deles integrantes do MGV: JOEL JUNIOR MACHADO CORR\u00caA MARCO AUR\u00c9LIO MELLO MOREIRA ALTAIR DE LEMOS JUNIOR ROBERSON MARQUEZ MAUR\u00cdCIO PEDRASSANI JOSU\u00c9 VANIUS UZON HOEWELL CARLOS VALDIR KOCHHANN GUSTAVO DE MARSILLAC PE\u00d1A PAULO FERNANDO AIROLDI THOMAS HECK MUNHOZ RAFAEL DIAS PUERTA MICHAEL MOISES TATSCH DA SILVA FABIO FERRONATO MATEI JO\u00c3O BARROSO DE MATOS \u00a0 Confira a nominata completa em: https:\/\/www.gremiocomguerra.com.br<\/p>\n","protected":false},"excerpt":{"rendered":"<p>\u00a0 A Chapa &#8220;Gr\u00eamio com o Guerra&#8221;, composta pelo MGV e mais oito movimentos pol\u00edticos, protocolou no dia 6 de setembro a sua nominata para as elei\u00e7\u00f5es do Conselho Deliberativo. No dia 24 de setembro ser\u00e3o eleitos, por meio de voto dos associados, 150 conselheiros e 30 suplentes, com mandatos de 2022 a 2028.\u00a0Para poder [&hellip;]<\/p>\n","protected":false},"author":1,"featured_media":1161,"comment_status":"open","ping_status":"open","sticky":false,"template":"","format":"standard","meta":{"_monsterinsights_skip_tracking":false,"footnotes":""},"categories":[1],"tags":[],"class_list":["post-1160","post","type-post","status-publish","format-standard","has-post-thumbnail","hentry","category-sem-categoria"],"_links":{"self":[{"href":"https:\/\/gremiovencedor.com.br\/novo\/wp-json\/wp\/v2\/posts\/1160","targetHints":{"allow":["GET"]}}],"collection":[{"href":"https:\/\/gremiovencedor.com.br\/novo\/wp-json\/wp\/v2\/posts"}],"about":[{"href":"https:\/\/gremiovencedor.com.br\/novo\/wp-json\/wp\/v2\/types\/post"}],"author":[{"embeddable":true,"href":"https:\/\/gremiovencedor.com.br\/novo\/wp-json\/wp\/v2\/users\/1"}],"replies":[{"embeddable":true,"href":"https:\/\/gremiovencedor.com.br\/novo\/wp-json\/wp\/v2\/comments?post=1160"}],"version-history":[{"count":0,"href":"https:\/\/gremiovencedor.com.br\/novo\/wp-json\/wp\/v2\/posts\/1160\/revisions"}],"wp:featuredmedia":[{"embeddable":true,"href":"https:\/\/gremiovencedor.com.br\/novo\/wp-json\/wp\/v2\/media\/1161"}],"wp:attachment":[{"href":"https:\/\/gremiovencedor.com.br\/novo\/wp-json\/wp\/v2\/media?parent=1160"}],"wp:term":[{"taxonomy":"category","embeddable":true,"href":"https:\/\/gremiovencedor.com.br\/novo\/wp-json\/wp\/v2\/categories?post=1160"},{"taxonomy":"post_tag","embeddable":true,"href":"https:\/\/gremiovencedor.com.br\/novo\/wp-json\/wp\/v2\/tags?post=1160"}],"curies":[{"name":"wp","href":"https:\/\/api.w.org\/{rel}","templated":true}]}}