{"id":1164,"date":"2022-11-01T12:00:00","date_gmt":"2022-11-01T15:00:00","guid":{"rendered":"https:\/\/gremiovencedor.com.br\/novo\/mgv-participa-de-lancamento-da-chapa-agora-e-guerra\/"},"modified":"2022-11-01T12:00:00","modified_gmt":"2022-11-01T15:00:00","slug":"mgv-participa-de-lancamento-da-chapa-agora-e-guerra","status":"publish","type":"post","link":"https:\/\/gremiovencedor.com.br\/novo\/mgv-participa-de-lancamento-da-chapa-agora-e-guerra\/","title":{"rendered":"MGV participa de lan\u00e7amento da chapa \u201cAgora \u00e9 Guerra\u201d"},"content":{"rendered":"<p>O Movimento Gr\u00eamio Vencedor &#8211; MGV participou, na noite de segunda-feira (31), do lan\u00e7amento oficial da chapa \u201cAgora \u00e9 Guerra\u201d para o Conselho de Administra\u00e7\u00e3o (CD) do clube, que tem como candidato \u00e0 presid\u00eancia o ex-vice de futebol Alberto Guerra. O presidente de honra do MGV, Luiz Carlos Silveira Martins, o Cacalo, um dos dirigentes mais vencedores da hist\u00f3ria do Gr\u00eamio, esteve presente no evento, que lotou os sal\u00f5es de tradicional restaurante da Capital. \u00a0 Durante o encontro, foi apresentado o Conselho de Administra\u00e7\u00e3o da Chapa 2, composto por Luciano Feldens, Geraldo Corr\u00eaa, Jos\u00e9 Carlos Correa Duarte, Gustavo Bolognesi, F\u00e1bio Floriani e Eduardo Magrisso. Ap\u00f3s breve apresenta\u00e7\u00e3o de cada um dos indicados a vice-presidentes, Alberto Guerra convocou a todos para a reta final da campanha. \u00a0 O primeiro turno da elei\u00e7\u00e3o presidencial do Gr\u00eamio ser\u00e1 realizado no dia 7 de novembro, em elei\u00e7\u00e3o no Conselho Deliberativo. Para que a decis\u00e3o do novo presidente seja aberta aos s\u00f3cios, os candidatos precisam superar a cl\u00e1usula de barreira de 20% junto aos conselheiros. O segundo turno, com a participa\u00e7\u00e3o dos associados, est\u00e1 marcado para 12 de novembro. \u00a0 Al\u00e9m do MGV, a Chapa 2 conta com o apoio de mais 10 movimentos pol\u00edticos do clube: Gr\u00eamio Primeiro, Movimento Gr\u00eamio Independente &#8211; MGI, Gr\u00eamio Novo, Na\u00e7\u00e3o Tricolor, Gr\u00eamio Mais, Gr\u00eamio Acima de Tudo, S\u00f3cios Livres, Gr\u00eamio Plano A, Gr\u00eamio da Torcida e Gr\u00eamio em Movimento. \u00a0 Sobre Alberto Guerra Alberto Guerra acumula passagens vitoriosas e bem-sucedidas no Gr\u00eamio. Iniciou sua trajet\u00f3ria no setor jur\u00eddico em 1995 e em diversos momentos atuou em defesa dos direitos do Gr\u00eamio como advogado. Ap\u00f3s trajet\u00f3ria no jur\u00eddico, foi nomeado membro do Conselho de Administra\u00e7\u00e3o e tornou-se vice-presidente de futebol em 2010. Cargo novamente ocupado em 2016. \u00a0 Em 2018 e 2019, foi diretor de futebol contribuindo para a retomada da hegemonia do futebol ga\u00facho com o bicampeonato estadual em 2019.<\/p>\n","protected":false},"excerpt":{"rendered":"<p>O Movimento Gr\u00eamio Vencedor &#8211; MGV participou, na noite de segunda-feira (31), do lan\u00e7amento oficial da chapa \u201cAgora \u00e9 Guerra\u201d para o Conselho de Administra\u00e7\u00e3o (CD) do clube, que tem como candidato \u00e0 presid\u00eancia o ex-vice de futebol Alberto Guerra. O presidente de honra do MGV, Luiz Carlos Silveira Martins, o Cacalo, um dos dirigentes [&hellip;]<\/p>\n","protected":false},"author":1,"featured_media":1165,"comment_status":"open","ping_status":"open","sticky":false,"template":"","format":"standard","meta":{"_monsterinsights_skip_tracking":false,"footnotes":""},"categories":[1],"tags":[],"class_list":["post-1164","post","type-post","status-publish","format-standard","has-post-thumbnail","hentry","category-sem-categoria"],"_links":{"self":[{"href":"https:\/\/gremiovencedor.com.br\/novo\/wp-json\/wp\/v2\/posts\/1164","targetHints":{"allow":["GET"]}}],"collection":[{"href":"https:\/\/gremiovencedor.com.br\/novo\/wp-json\/wp\/v2\/posts"}],"about":[{"href":"https:\/\/gremiovencedor.com.br\/novo\/wp-json\/wp\/v2\/types\/post"}],"author":[{"embeddable":true,"href":"https:\/\/gremiovencedor.com.br\/novo\/wp-json\/wp\/v2\/users\/1"}],"replies":[{"embeddable":true,"href":"https:\/\/gremiovencedor.com.br\/novo\/wp-json\/wp\/v2\/comments?post=1164"}],"version-history":[{"count":0,"href":"https:\/\/gremiovencedor.com.br\/novo\/wp-json\/wp\/v2\/posts\/1164\/revisions"}],"wp:featuredmedia":[{"embeddable":true,"href":"https:\/\/gremiovencedor.com.br\/novo\/wp-json\/wp\/v2\/media\/1165"}],"wp:attachment":[{"href":"https:\/\/gremiovencedor.com.br\/novo\/wp-json\/wp\/v2\/media?parent=1164"}],"wp:term":[{"taxonomy":"category","embeddable":true,"href":"https:\/\/gremiovencedor.com.br\/novo\/wp-json\/wp\/v2\/categories?post=1164"},{"taxonomy":"post_tag","embeddable":true,"href":"https:\/\/gremiovencedor.com.br\/novo\/wp-json\/wp\/v2\/tags?post=1164"}],"curies":[{"name":"wp","href":"https:\/\/api.w.org\/{rel}","templated":true}]}}