{"id":1170,"date":"2022-11-29T12:00:00","date_gmt":"2022-11-29T15:00:00","guid":{"rendered":"https:\/\/gremiovencedor.com.br\/novo\/plenaria-do-mgv-faz-avaliacao-das-eleicoes-e-projeta-2023\/"},"modified":"2022-11-29T12:00:00","modified_gmt":"2022-11-29T15:00:00","slug":"plenaria-do-mgv-faz-avaliacao-das-eleicoes-e-projeta-2023","status":"publish","type":"post","link":"https:\/\/gremiovencedor.com.br\/novo\/plenaria-do-mgv-faz-avaliacao-das-eleicoes-e-projeta-2023\/","title":{"rendered":"Plen\u00e1ria do MGV faz avalia\u00e7\u00e3o das elei\u00e7\u00f5es e projeta 2023"},"content":{"rendered":"<p>O Movimento Gr\u00eamio Vencedor \u2013 MGV realizou, na noite de segunda-feira (28), em Porto Alegre, plen\u00e1ria de avalia\u00e7\u00e3o das elei\u00e7\u00f5es do Conselho Deliberativo (CD) e do Conselho de Administra\u00e7\u00e3o (CA) do Gr\u00eamio. O MGV elegeu 5 conselheiros para o CD e integrou a Chapa 2, de Alberto Guerra, vencedora do pleito para o CA. David Stival, um dos coordenadores do grupo, abriu o encontro apresentando as pautas da noite. Antes das delibera\u00e7\u00f5es foi feita uma sauda\u00e7\u00e3o especial ao trabalho do conselheiro Ant\u00f4nio Escosteguy Castro na Comiss\u00e3o Eleitoral. Pedro Zanotto, novo integrante do MGV, apresentou-se a todos do grupo. Entre os assuntos debatidos estiveram a vota\u00e7\u00e3o que ocorrer\u00e1 na quarta-feira (30) para a vaga ao Conselho Fiscal e a indica\u00e7\u00e3o de nomes do MGV para as Comiss\u00f5es do Conselho Deliberativo. Na sequ\u00eancia, o grupo fez um balan\u00e7o sobre as elei\u00e7\u00f5es e o novo cen\u00e1rio pol\u00edtico do clube. David Stival, que integrou a coordena\u00e7\u00e3o de campanha, relatou algumas demandas da nova gest\u00e3o. Joel Machado, tamb\u00e9m um dos coordenadores do MGV, destacou as alian\u00e7as constru\u00eddas a partir do pleito. Tamb\u00e9m fizeram o uso da palavra: Anderson Zanella, Marcos Chitolina, Renato Kliemann Paese, Ant\u00f4nio Escosteguy Castro, Paulo Airoldi, Altair Lemos, Maur\u00edcio Pedrassani, Roberto Follador, Marco Aur\u00e9lio Moreira, Roberson Marquez, Thiago Brunetto e Renato Munhoz. \u00a0 Novo integrante do MGV, Pedro Zanotto \u00a0 \u00a0<\/p>\n","protected":false},"excerpt":{"rendered":"<p>O Movimento Gr\u00eamio Vencedor \u2013 MGV realizou, na noite de segunda-feira (28), em Porto Alegre, plen\u00e1ria de avalia\u00e7\u00e3o das elei\u00e7\u00f5es do Conselho Deliberativo (CD) e do Conselho de Administra\u00e7\u00e3o (CA) do Gr\u00eamio. O MGV elegeu 5 conselheiros para o CD e integrou a Chapa 2, de Alberto Guerra, vencedora do pleito para o CA. David [&hellip;]<\/p>\n","protected":false},"author":1,"featured_media":1171,"comment_status":"open","ping_status":"open","sticky":false,"template":"","format":"standard","meta":{"_monsterinsights_skip_tracking":false,"footnotes":""},"categories":[1],"tags":[],"class_list":["post-1170","post","type-post","status-publish","format-standard","has-post-thumbnail","hentry","category-sem-categoria"],"_links":{"self":[{"href":"https:\/\/gremiovencedor.com.br\/novo\/wp-json\/wp\/v2\/posts\/1170","targetHints":{"allow":["GET"]}}],"collection":[{"href":"https:\/\/gremiovencedor.com.br\/novo\/wp-json\/wp\/v2\/posts"}],"about":[{"href":"https:\/\/gremiovencedor.com.br\/novo\/wp-json\/wp\/v2\/types\/post"}],"author":[{"embeddable":true,"href":"https:\/\/gremiovencedor.com.br\/novo\/wp-json\/wp\/v2\/users\/1"}],"replies":[{"embeddable":true,"href":"https:\/\/gremiovencedor.com.br\/novo\/wp-json\/wp\/v2\/comments?post=1170"}],"version-history":[{"count":0,"href":"https:\/\/gremiovencedor.com.br\/novo\/wp-json\/wp\/v2\/posts\/1170\/revisions"}],"wp:featuredmedia":[{"embeddable":true,"href":"https:\/\/gremiovencedor.com.br\/novo\/wp-json\/wp\/v2\/media\/1171"}],"wp:attachment":[{"href":"https:\/\/gremiovencedor.com.br\/novo\/wp-json\/wp\/v2\/media?parent=1170"}],"wp:term":[{"taxonomy":"category","embeddable":true,"href":"https:\/\/gremiovencedor.com.br\/novo\/wp-json\/wp\/v2\/categories?post=1170"},{"taxonomy":"post_tag","embeddable":true,"href":"https:\/\/gremiovencedor.com.br\/novo\/wp-json\/wp\/v2\/tags?post=1170"}],"curies":[{"name":"wp","href":"https:\/\/api.w.org\/{rel}","templated":true}]}}