{"id":1172,"date":"2023-05-05T12:00:00","date_gmt":"2023-05-05T15:00:00","guid":{"rendered":"https:\/\/gremiovencedor.com.br\/novo\/plenaria-do-mgv-faz-balanco-dos-primeiros-meses-de-2023\/"},"modified":"2023-05-05T12:00:00","modified_gmt":"2023-05-05T15:00:00","slug":"plenaria-do-mgv-faz-balanco-dos-primeiros-meses-de-2023","status":"publish","type":"post","link":"https:\/\/gremiovencedor.com.br\/novo\/plenaria-do-mgv-faz-balanco-dos-primeiros-meses-de-2023\/","title":{"rendered":"Plen\u00e1ria do MGV faz balan\u00e7o dos primeiros meses de 2023"},"content":{"rendered":"<p>\u00a0 O Movimento Gr\u00eamio Vencedor \u2013 MGV realizou, na noite de quinta-feira (04), em Porto Alegre, plen\u00e1ria para avalia\u00e7\u00e3o dos primeiros meses de 2023. O encontro iniciou com as boas-vindas aos novos integrantes: Jeferson Coimbra, Juarez Roque Busatto e Ricardo Neubarth. Ap\u00f3s breve apresenta\u00e7\u00e3o individual, David Stival, um dos coordenadores do MGV, explicou o funcionamento do grupo e contextualizou o momento pol\u00edtico do Gr\u00eamio. Na sequ\u00eancia do encontro, os participantes da atual gest\u00e3o do clube e das Comiss\u00f5es Especiais do Conselho Deliberativo relataram suas atividades. O MGV conta atualmente com 11 integrantes em cargos na gest\u00e3o e no CD: &#8211; Carlos Valdir Kochhann: Departamento Consular\u00a0 &#8211; David Stival: Diretor Adjunto das Categorias de Base &#8211; Josu\u00e9 Vanius Hoewell: Assessor da presid\u00eancia para o IGT e Departamento de Ci\u00eancia, Sa\u00fade e Performance (DCSP) &#8211; Marco Aur\u00e9lio Moreira: segundo secret\u00e1rio do Conselho de Administra\u00e7\u00e3o &#8211; Roberson Marquez: Departamento de Responsabilidade Social &#8211; Altair De Lemos Junior: Comiss\u00e3o Especial de Reforma Estatut\u00e1ria &#8211; Antonio Escosteguy Castro: Comiss\u00e3o para Assuntos Legais e Estatut\u00e1rios &#8211; Joel Junior Machado Correa: Comiss\u00e3o para Assuntos Econ\u00f4mico-financeiros &#8211; Renato Donadio Munhoz: Comiss\u00e3o de \u00c9tica e Disciplina &#8211; Renato Kliemann Paese: Comiss\u00e3o Memorial do Gr\u00eamio &#8211; Thiago Cecchini Brunetto: Comiss\u00e3o para Assuntos Legais e Estatut\u00e1rios No encerramento da plen\u00e1ria, os conselheiros Marcos Chitolina, Ronald Castro, David Stival, Thiago Brunetto, Renato Munhoz e Marco Aur\u00e9lio Moreira fizeram an\u00e1lises sobre atual conjuntura pol\u00edtica e projetaram os pr\u00f3ximos passos do MGV. \u00a0 \u00a0 \u00a0 \u00a0 \u00a0 \u00a0 \u00a0 \u00a0 \u00a0 \u00a0 \u00a0 \u00a0 \u00a0 \u00a0 \u00a0 Ricardo Neubarth, Juarez Roque Busatto e Jeferson Coimbra s\u00e3o os novos integrantes do MGV<\/p>\n","protected":false},"excerpt":{"rendered":"<p>\u00a0 O Movimento Gr\u00eamio Vencedor \u2013 MGV realizou, na noite de quinta-feira (04), em Porto Alegre, plen\u00e1ria para avalia\u00e7\u00e3o dos primeiros meses de 2023. O encontro iniciou com as boas-vindas aos novos integrantes: Jeferson Coimbra, Juarez Roque Busatto e Ricardo Neubarth. Ap\u00f3s breve apresenta\u00e7\u00e3o individual, David Stival, um dos coordenadores do MGV, explicou o funcionamento [&hellip;]<\/p>\n","protected":false},"author":1,"featured_media":1173,"comment_status":"open","ping_status":"open","sticky":false,"template":"","format":"standard","meta":{"_monsterinsights_skip_tracking":false,"footnotes":""},"categories":[1],"tags":[],"class_list":["post-1172","post","type-post","status-publish","format-standard","has-post-thumbnail","hentry","category-sem-categoria"],"_links":{"self":[{"href":"https:\/\/gremiovencedor.com.br\/novo\/wp-json\/wp\/v2\/posts\/1172","targetHints":{"allow":["GET"]}}],"collection":[{"href":"https:\/\/gremiovencedor.com.br\/novo\/wp-json\/wp\/v2\/posts"}],"about":[{"href":"https:\/\/gremiovencedor.com.br\/novo\/wp-json\/wp\/v2\/types\/post"}],"author":[{"embeddable":true,"href":"https:\/\/gremiovencedor.com.br\/novo\/wp-json\/wp\/v2\/users\/1"}],"replies":[{"embeddable":true,"href":"https:\/\/gremiovencedor.com.br\/novo\/wp-json\/wp\/v2\/comments?post=1172"}],"version-history":[{"count":0,"href":"https:\/\/gremiovencedor.com.br\/novo\/wp-json\/wp\/v2\/posts\/1172\/revisions"}],"wp:featuredmedia":[{"embeddable":true,"href":"https:\/\/gremiovencedor.com.br\/novo\/wp-json\/wp\/v2\/media\/1173"}],"wp:attachment":[{"href":"https:\/\/gremiovencedor.com.br\/novo\/wp-json\/wp\/v2\/media?parent=1172"}],"wp:term":[{"taxonomy":"category","embeddable":true,"href":"https:\/\/gremiovencedor.com.br\/novo\/wp-json\/wp\/v2\/categories?post=1172"},{"taxonomy":"post_tag","embeddable":true,"href":"https:\/\/gremiovencedor.com.br\/novo\/wp-json\/wp\/v2\/tags?post=1172"}],"curies":[{"name":"wp","href":"https:\/\/api.w.org\/{rel}","templated":true}]}}