{"id":1176,"date":"2023-09-18T12:00:00","date_gmt":"2023-09-18T15:00:00","guid":{"rendered":"https:\/\/gremiovencedor.com.br\/novo\/foto-de-cacalo-e-descerrada-na-galeria-de-patronos-durante-sessao-festiva-do-cd\/"},"modified":"2023-09-18T12:00:00","modified_gmt":"2023-09-18T15:00:00","slug":"foto-de-cacalo-e-descerrada-na-galeria-de-patronos-durante-sessao-festiva-do-cd","status":"publish","type":"post","link":"https:\/\/gremiovencedor.com.br\/novo\/foto-de-cacalo-e-descerrada-na-galeria-de-patronos-durante-sessao-festiva-do-cd\/","title":{"rendered":"Foto de Cacalo \u00e9 descerrada na galeria de Patronos durante sess\u00e3o festiva do CD"},"content":{"rendered":"<p>No anivers\u00e1rio de 120 anos do Gr\u00eamio, durante Sess\u00e3o Solene do Conselho Deliberativo, ocorreu o descerramento da foto de Luiz Carlos Silveira Martins, Cacalo, na Galeria de Patronos do clube. Cacalo se junta a Aur\u00e9lio de Lima Py, Fernando Kroeff e H\u00e9lio Dourado na galeria de patronos do Gr\u00eamio. Os ex-atletas campe\u00f5es mundiais Baidek, Paulo Cezar Magalh\u00e3es e Bonamigo tamb\u00e9m foram homenageados e eternizados na Cal\u00e7ada da Fama. O Movimento Gr\u00eamio Vencedor &#8211; MGV esteve presente nessa noite hist\u00f3rica. Assista \u00e0 transmiss\u00e3o da Sess\u00e3o Solene do Conselho Deliberativo e Cal\u00e7ada da Fama: Fotos: Everton Silveira\/Gr\u00eamio FBPA e Divulga\u00e7\u00e3o\/MGV<\/p>\n","protected":false},"excerpt":{"rendered":"<p>No anivers\u00e1rio de 120 anos do Gr\u00eamio, durante Sess\u00e3o Solene do Conselho Deliberativo, ocorreu o descerramento da foto de Luiz Carlos Silveira Martins, Cacalo, na Galeria de Patronos do clube. Cacalo se junta a Aur\u00e9lio de Lima Py, Fernando Kroeff e H\u00e9lio Dourado na galeria de patronos do Gr\u00eamio. Os ex-atletas campe\u00f5es mundiais Baidek, Paulo [&hellip;]<\/p>\n","protected":false},"author":1,"featured_media":1177,"comment_status":"open","ping_status":"open","sticky":false,"template":"","format":"standard","meta":{"_monsterinsights_skip_tracking":false,"footnotes":""},"categories":[1],"tags":[],"class_list":["post-1176","post","type-post","status-publish","format-standard","has-post-thumbnail","hentry","category-sem-categoria"],"_links":{"self":[{"href":"https:\/\/gremiovencedor.com.br\/novo\/wp-json\/wp\/v2\/posts\/1176","targetHints":{"allow":["GET"]}}],"collection":[{"href":"https:\/\/gremiovencedor.com.br\/novo\/wp-json\/wp\/v2\/posts"}],"about":[{"href":"https:\/\/gremiovencedor.com.br\/novo\/wp-json\/wp\/v2\/types\/post"}],"author":[{"embeddable":true,"href":"https:\/\/gremiovencedor.com.br\/novo\/wp-json\/wp\/v2\/users\/1"}],"replies":[{"embeddable":true,"href":"https:\/\/gremiovencedor.com.br\/novo\/wp-json\/wp\/v2\/comments?post=1176"}],"version-history":[{"count":0,"href":"https:\/\/gremiovencedor.com.br\/novo\/wp-json\/wp\/v2\/posts\/1176\/revisions"}],"wp:featuredmedia":[{"embeddable":true,"href":"https:\/\/gremiovencedor.com.br\/novo\/wp-json\/wp\/v2\/media\/1177"}],"wp:attachment":[{"href":"https:\/\/gremiovencedor.com.br\/novo\/wp-json\/wp\/v2\/media?parent=1176"}],"wp:term":[{"taxonomy":"category","embeddable":true,"href":"https:\/\/gremiovencedor.com.br\/novo\/wp-json\/wp\/v2\/categories?post=1176"},{"taxonomy":"post_tag","embeddable":true,"href":"https:\/\/gremiovencedor.com.br\/novo\/wp-json\/wp\/v2\/tags?post=1176"}],"curies":[{"name":"wp","href":"https:\/\/api.w.org\/{rel}","templated":true}]}}