{"id":1178,"date":"2023-11-29T12:00:00","date_gmt":"2023-11-29T15:00:00","guid":{"rendered":"https:\/\/gremiovencedor.com.br\/novo\/conselheiro-do-mgv-apresenta-parecer-da-comissao-de-financas-em-reuniao-do-cd\/"},"modified":"2023-11-29T12:00:00","modified_gmt":"2023-11-29T15:00:00","slug":"conselheiro-do-mgv-apresenta-parecer-da-comissao-de-financas-em-reuniao-do-cd","status":"publish","type":"post","link":"https:\/\/gremiovencedor.com.br\/novo\/conselheiro-do-mgv-apresenta-parecer-da-comissao-de-financas-em-reuniao-do-cd\/","title":{"rendered":"Conselheiro do MGV apresenta parecer da Comiss\u00e3o de Finan\u00e7as em reuni\u00e3o do CD"},"content":{"rendered":"<p>O conselheiro do Movimento Gr\u00eamio Vencedor &#8211; MGV, Joel Machado, fez a apresenta\u00e7\u00e3o de um dos pareceres da Comiss\u00e3o de Economia e Finan\u00e7as do Conselho Deliberativo do Gr\u00eamio, na noite de ter\u00e7a-feira (28). A sess\u00e3o ordin\u00e1ria e extraordin\u00e1ria teve como pautas examinar os demonstrativos cont\u00e1beis e financeiros do trimestre julho\/setembro, discutir e votar o or\u00e7amento de 2024, al\u00e9m de decidir sobre pedido de suplementa\u00e7\u00e3o do or\u00e7amento para o exerc\u00edcio deste ano do Conselho de Administra\u00e7\u00e3o. A Comiss\u00e3o entendeu que as proje\u00e7\u00f5es s\u00e3o adequadas e sugeriu a aprova\u00e7\u00e3o. A pe\u00e7a or\u00e7ament\u00e1ria de 2024 foi discutida, votada e tamb\u00e9m aprovada pela maioria do CD, bem como o pedido de suplementa\u00e7\u00e3o. \u2014 O ano de 2023 foi de reestrutura\u00e7\u00e3o, fortemente impactado pela passagem do clube na S\u00e9rie B e o consequente d\u00e9ficit de 2022, quando o clube n\u00e3o conseguiu adequar os custos do futebol \u00e0 queda de receitas resultante do descenso. Apesar disso, tivemos um ano importante no aspecto financeiro, alavancado principalmente pela contrata\u00e7\u00e3o do Su\u00e1rez, que potencializou grande parte das nossas receitas. J\u00e1 para 2024, o grande desafio \u00e9 equilibrar a expectativa pelo retorno em disputar uma Libertadores de forma competitiva, com investimentos, versus a necessidade de fazer caixa, principalmente em rela\u00e7\u00e3o \u00e0 receita da venda de atletas prevista em or\u00e7amento &#8211; avaliou Joel. \u00a0<\/p>\n","protected":false},"excerpt":{"rendered":"<p>O conselheiro do Movimento Gr\u00eamio Vencedor &#8211; MGV, Joel Machado, fez a apresenta\u00e7\u00e3o de um dos pareceres da Comiss\u00e3o de Economia e Finan\u00e7as do Conselho Deliberativo do Gr\u00eamio, na noite de ter\u00e7a-feira (28). A sess\u00e3o ordin\u00e1ria e extraordin\u00e1ria teve como pautas examinar os demonstrativos cont\u00e1beis e financeiros do trimestre julho\/setembro, discutir e votar o or\u00e7amento [&hellip;]<\/p>\n","protected":false},"author":1,"featured_media":1179,"comment_status":"open","ping_status":"open","sticky":false,"template":"","format":"standard","meta":{"_monsterinsights_skip_tracking":false,"footnotes":""},"categories":[1],"tags":[],"class_list":["post-1178","post","type-post","status-publish","format-standard","has-post-thumbnail","hentry","category-sem-categoria"],"_links":{"self":[{"href":"https:\/\/gremiovencedor.com.br\/novo\/wp-json\/wp\/v2\/posts\/1178","targetHints":{"allow":["GET"]}}],"collection":[{"href":"https:\/\/gremiovencedor.com.br\/novo\/wp-json\/wp\/v2\/posts"}],"about":[{"href":"https:\/\/gremiovencedor.com.br\/novo\/wp-json\/wp\/v2\/types\/post"}],"author":[{"embeddable":true,"href":"https:\/\/gremiovencedor.com.br\/novo\/wp-json\/wp\/v2\/users\/1"}],"replies":[{"embeddable":true,"href":"https:\/\/gremiovencedor.com.br\/novo\/wp-json\/wp\/v2\/comments?post=1178"}],"version-history":[{"count":0,"href":"https:\/\/gremiovencedor.com.br\/novo\/wp-json\/wp\/v2\/posts\/1178\/revisions"}],"wp:featuredmedia":[{"embeddable":true,"href":"https:\/\/gremiovencedor.com.br\/novo\/wp-json\/wp\/v2\/media\/1179"}],"wp:attachment":[{"href":"https:\/\/gremiovencedor.com.br\/novo\/wp-json\/wp\/v2\/media?parent=1178"}],"wp:term":[{"taxonomy":"category","embeddable":true,"href":"https:\/\/gremiovencedor.com.br\/novo\/wp-json\/wp\/v2\/categories?post=1178"},{"taxonomy":"post_tag","embeddable":true,"href":"https:\/\/gremiovencedor.com.br\/novo\/wp-json\/wp\/v2\/tags?post=1178"}],"curies":[{"name":"wp","href":"https:\/\/api.w.org\/{rel}","templated":true}]}}