{"id":1180,"date":"2024-03-19T12:00:00","date_gmt":"2024-03-19T15:00:00","guid":{"rendered":"https:\/\/gremiovencedor.com.br\/novo\/mgv-realiza-primeira-plenaria-de-2024\/"},"modified":"2024-03-19T12:00:00","modified_gmt":"2024-03-19T15:00:00","slug":"mgv-realiza-primeira-plenaria-de-2024","status":"publish","type":"post","link":"https:\/\/gremiovencedor.com.br\/novo\/mgv-realiza-primeira-plenaria-de-2024\/","title":{"rendered":"MGV realiza primeira Plen\u00e1ria de 2024"},"content":{"rendered":"<p>O Movimento Gr\u00eamio Vencedor &#8211; MGV realizou, na noite de segunda-feira (18), sua primeira Plen\u00e1ria de 2024, em Porto Alegre. O encontro contou com a presen\u00e7a de 7 novos integrantes do Movimento. Logo no in\u00edcio da reuni\u00e3o, Guilherme Balle, Vin\u00edcius Stival, Diego Mascia, Diego Pozzo, Ney Neto, Volmir Corr\u00eaa e Jo\u00e3o Feij\u00f3 se apresentaram aos demais integrantes. Ap\u00f3s as apresenta\u00e7\u00f5es, David Stival, conselheiro e um dos coordenadores do MGV, fez um relato sobre o trabalho desenvolvido\u00a0 como diretor das categorias de base. Carlos Valdir Kochhann tamb\u00e9m atualizou o grupo sobre sua atua\u00e7\u00e3o no departamento consular do clube. Na sequ\u00eancia, os conselheiros que integram Comiss\u00f5es Especiais do Conselho Deliberativo relataram as atividades que est\u00e3o sendo desenvolvidas. Renato Munhoz falou sobre a Comiss\u00e3o de \u00c9tica e Disciplina, Joel Machado sobre a Comiss\u00e3o de Economia e Finan\u00e7as, Thiago Brunetto sobre a Comiss\u00e3o para Assuntos Legais e Estatut\u00e1rios e Renato Kliemann Paese sobre a Comiss\u00e3o Memorial do Gr\u00eamio. O conselheiro Marco Aur\u00e9lio Moreira, um dos coordenadores do MGV e segundo secret\u00e1rio do Conselho de Administra\u00e7\u00e3o do clube, destacou as pr\u00f3ximas atividades previstas pelo MGV. Ao final da reuni\u00e3o, os conselheiros David Stival, Thiago Brunetto e Marcos Chitolina fizeram um panorama do cen\u00e1rio pol\u00edtico atual e tamb\u00e9m relembraram a hist\u00f3ria e atua\u00e7\u00e3o do MGV nesse contexto. Durante a Plen\u00e1ria, os integrantes acompanharam o sorteio da fase de grupos da Libertadores 2024. O Gr\u00eamio ter\u00e1 como advers\u00e1rios o\u00a0Estudiantes-ARG,\u00a0o\u00a0The Strongest-BOL\u00a0e o Huachipato-CHI. A competi\u00e7\u00e3o tem in\u00edcio previsto para o dia 2 de abril. \u00a0 Novos integrantes do MGV: Jo\u00e3o Feij\u00f3, Diego Mascia, Volmir Corr\u00eaa, Vin\u00edcius Stival, Ney Neto, Diego Pozzo e Guilherme Balle<\/p>\n","protected":false},"excerpt":{"rendered":"<p>O Movimento Gr\u00eamio Vencedor &#8211; MGV realizou, na noite de segunda-feira (18), sua primeira Plen\u00e1ria de 2024, em Porto Alegre. O encontro contou com a presen\u00e7a de 7 novos integrantes do Movimento. Logo no in\u00edcio da reuni\u00e3o, Guilherme Balle, Vin\u00edcius Stival, Diego Mascia, Diego Pozzo, Ney Neto, Volmir Corr\u00eaa e Jo\u00e3o Feij\u00f3 se apresentaram aos [&hellip;]<\/p>\n","protected":false},"author":1,"featured_media":1181,"comment_status":"open","ping_status":"open","sticky":false,"template":"","format":"standard","meta":{"_monsterinsights_skip_tracking":false,"footnotes":""},"categories":[1],"tags":[],"class_list":["post-1180","post","type-post","status-publish","format-standard","has-post-thumbnail","hentry","category-sem-categoria"],"_links":{"self":[{"href":"https:\/\/gremiovencedor.com.br\/novo\/wp-json\/wp\/v2\/posts\/1180","targetHints":{"allow":["GET"]}}],"collection":[{"href":"https:\/\/gremiovencedor.com.br\/novo\/wp-json\/wp\/v2\/posts"}],"about":[{"href":"https:\/\/gremiovencedor.com.br\/novo\/wp-json\/wp\/v2\/types\/post"}],"author":[{"embeddable":true,"href":"https:\/\/gremiovencedor.com.br\/novo\/wp-json\/wp\/v2\/users\/1"}],"replies":[{"embeddable":true,"href":"https:\/\/gremiovencedor.com.br\/novo\/wp-json\/wp\/v2\/comments?post=1180"}],"version-history":[{"count":0,"href":"https:\/\/gremiovencedor.com.br\/novo\/wp-json\/wp\/v2\/posts\/1180\/revisions"}],"wp:featuredmedia":[{"embeddable":true,"href":"https:\/\/gremiovencedor.com.br\/novo\/wp-json\/wp\/v2\/media\/1181"}],"wp:attachment":[{"href":"https:\/\/gremiovencedor.com.br\/novo\/wp-json\/wp\/v2\/media?parent=1180"}],"wp:term":[{"taxonomy":"category","embeddable":true,"href":"https:\/\/gremiovencedor.com.br\/novo\/wp-json\/wp\/v2\/categories?post=1180"},{"taxonomy":"post_tag","embeddable":true,"href":"https:\/\/gremiovencedor.com.br\/novo\/wp-json\/wp\/v2\/tags?post=1180"}],"curies":[{"name":"wp","href":"https:\/\/api.w.org\/{rel}","templated":true}]}}