{"id":1184,"date":"2025-03-21T12:00:00","date_gmt":"2025-03-21T15:00:00","guid":{"rendered":"https:\/\/gremiovencedor.com.br\/novo\/mgv-realiza-primeira-plenaria-do-ano-sobre-as-eleicoes-2025\/"},"modified":"2025-03-21T12:00:00","modified_gmt":"2025-03-21T15:00:00","slug":"mgv-realiza-primeira-plenaria-do-ano-sobre-as-eleicoes-2025","status":"publish","type":"post","link":"https:\/\/gremiovencedor.com.br\/novo\/mgv-realiza-primeira-plenaria-do-ano-sobre-as-eleicoes-2025\/","title":{"rendered":"MGV realiza primeira plen\u00e1ria do ano sobre as elei\u00e7\u00f5es 2025"},"content":{"rendered":"<p>O Movimento Gr\u00eamio Vencedor &#8211; MGV esteve reunido na noite de quinta-feira (20), em Porto Alegre, para a sua primeira plen\u00e1ria do ano. O tema do encontro foram as elei\u00e7\u00f5es 2025 e o momento atual da equipe do Gr\u00eamio. Em setembro, ocorrerr\u00e3o tr\u00eas vota\u00e7\u00f5es: renova\u00e7\u00e3o de metade do Conselho Deliberativo, presid\u00eancia do CD e presid\u00eancia do Gr\u00eamio para o tri\u00eanio 2026\/28. David Stival, integrante da coordena\u00e7\u00e3o do MGV, fez a abertura do encontro agradecendo ao anfitri\u00e3o da noite, o tamb\u00e9m conselheiro Marcos Chitolina. Em um primeiro momento, foi\u00a0abordada a conjuntura atual do processo eleitoral e a import\u00e2ncia de recolocar o clube no caminho das grandes vit\u00f3rias. Thiago Brunetto, um dos coordenadores do MGV, fez um resgate hist\u00f3rico das alian\u00e7as pol\u00edticas do Movimento e destacou a urg\u00eancia do Gr\u00eamio voltar a figurar em lugar de destaque no futebol. Em seguida, Joel Machado, tamb\u00e9m coordenador do MGV, deu um relato sobre conversas iniciais entre os movimentos para as elei\u00e7\u00f5es deste ano. Marcos Chitolina, Alberto Brentano, Marco Aur\u00e9lio Moreira, Renato Munhoz e Paulo Airoldi tamb\u00e9m fizeram o uso da palavra, relembrando o hist\u00f3rico pol\u00edtico do MGV, as grandes conquistas e as estrat\u00e9gias para o pleito. Ao final do encontro, Guilherme Balle apresentou sugest\u00f5es de estrat\u00e9gicas internas a partir dos resultados da pesquisa realizada com os integrantes do Movimento. David Stival tamb\u00e9m apresentou as a\u00e7\u00f5es e eventos do MGV previstos para 2025. Texto e fotos: Assessoria de Comunica\u00e7\u00e3o MGV \u00a0<\/p>\n","protected":false},"excerpt":{"rendered":"<p>O Movimento Gr\u00eamio Vencedor &#8211; MGV esteve reunido na noite de quinta-feira (20), em Porto Alegre, para a sua primeira plen\u00e1ria do ano. O tema do encontro foram as elei\u00e7\u00f5es 2025 e o momento atual da equipe do Gr\u00eamio. Em setembro, ocorrerr\u00e3o tr\u00eas vota\u00e7\u00f5es: renova\u00e7\u00e3o de metade do Conselho Deliberativo, presid\u00eancia do CD e presid\u00eancia [&hellip;]<\/p>\n","protected":false},"author":1,"featured_media":1185,"comment_status":"open","ping_status":"open","sticky":false,"template":"","format":"standard","meta":{"_monsterinsights_skip_tracking":false,"footnotes":""},"categories":[1],"tags":[],"class_list":["post-1184","post","type-post","status-publish","format-standard","has-post-thumbnail","hentry","category-sem-categoria"],"_links":{"self":[{"href":"https:\/\/gremiovencedor.com.br\/novo\/wp-json\/wp\/v2\/posts\/1184","targetHints":{"allow":["GET"]}}],"collection":[{"href":"https:\/\/gremiovencedor.com.br\/novo\/wp-json\/wp\/v2\/posts"}],"about":[{"href":"https:\/\/gremiovencedor.com.br\/novo\/wp-json\/wp\/v2\/types\/post"}],"author":[{"embeddable":true,"href":"https:\/\/gremiovencedor.com.br\/novo\/wp-json\/wp\/v2\/users\/1"}],"replies":[{"embeddable":true,"href":"https:\/\/gremiovencedor.com.br\/novo\/wp-json\/wp\/v2\/comments?post=1184"}],"version-history":[{"count":0,"href":"https:\/\/gremiovencedor.com.br\/novo\/wp-json\/wp\/v2\/posts\/1184\/revisions"}],"wp:featuredmedia":[{"embeddable":true,"href":"https:\/\/gremiovencedor.com.br\/novo\/wp-json\/wp\/v2\/media\/1185"}],"wp:attachment":[{"href":"https:\/\/gremiovencedor.com.br\/novo\/wp-json\/wp\/v2\/media?parent=1184"}],"wp:term":[{"taxonomy":"category","embeddable":true,"href":"https:\/\/gremiovencedor.com.br\/novo\/wp-json\/wp\/v2\/categories?post=1184"},{"taxonomy":"post_tag","embeddable":true,"href":"https:\/\/gremiovencedor.com.br\/novo\/wp-json\/wp\/v2\/tags?post=1184"}],"curies":[{"name":"wp","href":"https:\/\/api.w.org\/{rel}","templated":true}]}}