{"id":1186,"date":"2025-10-22T12:00:00","date_gmt":"2025-10-22T15:00:00","guid":{"rendered":"https:\/\/gremiovencedor.com.br\/novo\/mgv-realiza-plenaria-de-avaliacao-das-eleicoes-do-cd-2025\/"},"modified":"2025-10-22T12:00:00","modified_gmt":"2025-10-22T15:00:00","slug":"mgv-realiza-plenaria-de-avaliacao-das-eleicoes-do-cd-2025","status":"publish","type":"post","link":"https:\/\/gremiovencedor.com.br\/novo\/mgv-realiza-plenaria-de-avaliacao-das-eleicoes-do-cd-2025\/","title":{"rendered":"MGV realiza plen\u00e1ria de avalia\u00e7\u00e3o das elei\u00e7\u00f5es do CD 2025"},"content":{"rendered":"<p>O Movimento Gr\u00eamio Vencedor &#8211; MGV esteve reunido na noite de ter\u00e7a-feira (21), em Porto Alegre, para plen\u00e1ria de avalia\u00e7\u00e3o das elei\u00e7\u00f5es para o Conselho Deliberativo de 2025. A Chapa Identidade Gremista, integrada pelo MGV e outros dez movimentos, embora n\u00e3o tenha ultrapassado a cl\u00e1usula de barreira, recebeu a terceira maior vota\u00e7\u00e3o entre as seis chapas concorrentes. O MGV, ainda que n\u00e3o tenha elegido conselheiros em 2025, segue presente no Conselho Deliberativo, atrav\u00e9s dos representantes eleitos em 2022. No encontro, foram feitas cr\u00edticas ao trabalho da Comiss\u00e3o Eleitoral, que, al\u00e9m da demora na divulga\u00e7\u00e3o do resultado, foi confusa na interpreta\u00e7\u00e3o das regras, tendo cometido um erro in\u00e9dito na distribui\u00e7\u00e3o das vagas. A plen\u00e1ria ratificou a decis\u00e3o da coordena\u00e7\u00e3o do Movimento de n\u00e3o judicializar o resultado. A reuni\u00e3o tamb\u00e9m endossou a decis\u00e3o pelo apoio \u00e0 candidatura de Philippe Jardim para a presid\u00eancia do Conselho e de Odorico Roman \u00e0 presid\u00eancia do clube, em virtude da sua experi\u00eancia na vida pol\u00edtica do Gr\u00eamio como integrante do Conselho de Administra\u00e7\u00e3o da gestao Fabio Koff e, depois, como vice de futebol, em 2017. Fizeram o uso da palavra os integrantes David Stival, Thiago Brunetto, Marcos Chitolina, Michael Tatsch, Joel Machado, Gilberto Haag, Jeferson Coimbra e Maur\u00edcio Pedrassani.<\/p>\n","protected":false},"excerpt":{"rendered":"<p>O Movimento Gr\u00eamio Vencedor &#8211; MGV esteve reunido na noite de ter\u00e7a-feira (21), em Porto Alegre, para plen\u00e1ria de avalia\u00e7\u00e3o das elei\u00e7\u00f5es para o Conselho Deliberativo de 2025. A Chapa Identidade Gremista, integrada pelo MGV e outros dez movimentos, embora n\u00e3o tenha ultrapassado a cl\u00e1usula de barreira, recebeu a terceira maior vota\u00e7\u00e3o entre as seis [&hellip;]<\/p>\n","protected":false},"author":1,"featured_media":1187,"comment_status":"open","ping_status":"open","sticky":false,"template":"","format":"standard","meta":{"_monsterinsights_skip_tracking":false,"footnotes":""},"categories":[1],"tags":[],"class_list":["post-1186","post","type-post","status-publish","format-standard","has-post-thumbnail","hentry","category-sem-categoria"],"_links":{"self":[{"href":"https:\/\/gremiovencedor.com.br\/novo\/wp-json\/wp\/v2\/posts\/1186","targetHints":{"allow":["GET"]}}],"collection":[{"href":"https:\/\/gremiovencedor.com.br\/novo\/wp-json\/wp\/v2\/posts"}],"about":[{"href":"https:\/\/gremiovencedor.com.br\/novo\/wp-json\/wp\/v2\/types\/post"}],"author":[{"embeddable":true,"href":"https:\/\/gremiovencedor.com.br\/novo\/wp-json\/wp\/v2\/users\/1"}],"replies":[{"embeddable":true,"href":"https:\/\/gremiovencedor.com.br\/novo\/wp-json\/wp\/v2\/comments?post=1186"}],"version-history":[{"count":0,"href":"https:\/\/gremiovencedor.com.br\/novo\/wp-json\/wp\/v2\/posts\/1186\/revisions"}],"wp:featuredmedia":[{"embeddable":true,"href":"https:\/\/gremiovencedor.com.br\/novo\/wp-json\/wp\/v2\/media\/1187"}],"wp:attachment":[{"href":"https:\/\/gremiovencedor.com.br\/novo\/wp-json\/wp\/v2\/media?parent=1186"}],"wp:term":[{"taxonomy":"category","embeddable":true,"href":"https:\/\/gremiovencedor.com.br\/novo\/wp-json\/wp\/v2\/categories?post=1186"},{"taxonomy":"post_tag","embeddable":true,"href":"https:\/\/gremiovencedor.com.br\/novo\/wp-json\/wp\/v2\/tags?post=1186"}],"curies":[{"name":"wp","href":"https:\/\/api.w.org\/{rel}","templated":true}]}}