{"id":178,"date":"2011-11-10T12:00:00","date_gmt":"2011-11-10T14:00:00","guid":{"rendered":"https:\/\/gremiovencedor.com.br\/novo\/?p=178"},"modified":"2026-07-30T13:06:54","modified_gmt":"2026-07-30T16:06:54","slug":"boas-lembrancas","status":"publish","type":"post","link":"https:\/\/gremiovencedor.com.br\/novo\/boas-lembrancas\/","title":{"rendered":"Boas lembran\u00e7as!"},"content":{"rendered":"<p>Enquanto caminhamos de forma lament\u00e1vel para o final do ano, aguardando que se esgotem as rodadas do Campeonato Brasileiro para que os jogadores tirem f\u00e9rias, sem maiores ambi\u00e7\u00f5es que n\u00e3o garantir uma vaga na &#8220;valorosa&#8221; Copa Sul-Americana, pelo menos a torcida do Gr\u00eamio p\u00f4de celebrar duas boas not\u00edcias por esses \u00faltimos dias: A primeira foi a entrevista dada pelo ex-presidente F\u00e1bio Koff \u00e0 imprensa, onde ele admite a possibilidade de voltar a ser o primeiro mandat\u00e1rio do Gr\u00eamio. Em tempos de pen\u00faria de t\u00edtulos e depois de um ano de administra\u00e7\u00e3o desastrosa, soa como poesia aos nossos ouvidos as palavras do dirigente mais vitorioso da hist\u00f3ria tricolor. Realmente, a presen\u00e7a de Koff \u00e0 frente do clube seria uma inje\u00e7\u00e3o de \u00e2nimo e esperan\u00e7a na torcida, que convive h\u00e1 mais de uma d\u00e9cada com a aus\u00eancia de importantes conquistas. A segunda, e n\u00e3o menos nost\u00e1lgica, \u00e9 a presen\u00e7a de Luiz Felipe Scolari no Est\u00e1dio Ol\u00edmpico no pr\u00f3ximo domingo, na partida diante do Palmeiras, equipe atualmente dirigida por ele. Rever o &#8220;gringo&#8221; \u00e0 beira do gramado nos transporta a uma \u00e9poca de ouro, em que enfrent\u00e1vamos de igual para igual qualquer time, a qualquer hora, em qualquer lugar, e, especialmente, venc\u00edamos. Junto com Koff e Cacalo, Felip\u00e3o ajudou a construir uma trajet\u00f3ria de gl\u00f3ria nos anos 90, quando o Gr\u00eamio era respeitado e temido em cada canto da Am\u00e9rica do Sul. Que as palavras de Koff e a presen\u00e7a de Felip\u00e3o inspirem os atuais dirigentes do clube a fazer uma reflex\u00e3o sobre tudo o que deu errado nesse ano &#8211; que come\u00e7ou mal ainda na alian\u00e7a eleitoral de 2010, previsivelmente insustent\u00e1vel &#8211; e repensar suas estrat\u00e9gias para 2012. A torcida do Gr\u00eamio tem dado o recado no Ol\u00edmpico, nas ruas, nas m\u00eddias sociais: quer t\u00edtulos, quer vencer dentro do campo, e n\u00e3o se contenta mais com o discurso da Arena e da Batalha dos Aflitos. Que as vaidades sejam deixadas de lado e que a atual dire\u00e7\u00e3o esteja unida para fazer o melhor pelo clube. Que est\u00e1 longe, e bem longe, do que foi realizado at\u00e9 agora. Movimento Gr\u00eamio Vencedor<\/p>\n","protected":false},"excerpt":{"rendered":"<p>Enquanto caminhamos de forma lament\u00e1vel para o final do ano, aguardando que se esgotem as rodadas do Campeonato Brasileiro para que os jogadores tirem f\u00e9rias, sem maiores ambi\u00e7\u00f5es que n\u00e3o garantir uma vaga na &#8220;valorosa&#8221; Copa Sul-Americana, pelo menos a torcida do Gr\u00eamio p\u00f4de celebrar duas boas not\u00edcias por esses \u00faltimos dias: A primeira foi [&hellip;]<\/p>\n","protected":false},"author":1,"featured_media":179,"comment_status":"closed","ping_status":"closed","sticky":false,"template":"","format":"standard","meta":{"_monsterinsights_skip_tracking":false,"footnotes":""},"categories":[16],"tags":[],"class_list":["post-178","post","type-post","status-publish","format-standard","has-post-thumbnail","hentry","category-noticias"],"_links":{"self":[{"href":"https:\/\/gremiovencedor.com.br\/novo\/wp-json\/wp\/v2\/posts\/178","targetHints":{"allow":["GET"]}}],"collection":[{"href":"https:\/\/gremiovencedor.com.br\/novo\/wp-json\/wp\/v2\/posts"}],"about":[{"href":"https:\/\/gremiovencedor.com.br\/novo\/wp-json\/wp\/v2\/types\/post"}],"author":[{"embeddable":true,"href":"https:\/\/gremiovencedor.com.br\/novo\/wp-json\/wp\/v2\/users\/1"}],"replies":[{"embeddable":true,"href":"https:\/\/gremiovencedor.com.br\/novo\/wp-json\/wp\/v2\/comments?post=178"}],"version-history":[{"count":1,"href":"https:\/\/gremiovencedor.com.br\/novo\/wp-json\/wp\/v2\/posts\/178\/revisions"}],"predecessor-version":[{"id":403,"href":"https:\/\/gremiovencedor.com.br\/novo\/wp-json\/wp\/v2\/posts\/178\/revisions\/403"}],"wp:featuredmedia":[{"embeddable":true,"href":"https:\/\/gremiovencedor.com.br\/novo\/wp-json\/wp\/v2\/media\/179"}],"wp:attachment":[{"href":"https:\/\/gremiovencedor.com.br\/novo\/wp-json\/wp\/v2\/media?parent=178"}],"wp:term":[{"taxonomy":"category","embeddable":true,"href":"https:\/\/gremiovencedor.com.br\/novo\/wp-json\/wp\/v2\/categories?post=178"},{"taxonomy":"post_tag","embeddable":true,"href":"https:\/\/gremiovencedor.com.br\/novo\/wp-json\/wp\/v2\/tags?post=178"}],"curies":[{"name":"wp","href":"https:\/\/api.w.org\/{rel}","templated":true}]}}