{"id":180,"date":"2011-11-22T12:00:00","date_gmt":"2011-11-22T14:00:00","guid":{"rendered":"https:\/\/gremiovencedor.com.br\/novo\/?p=180"},"modified":"2026-07-30T13:06:55","modified_gmt":"2026-07-30T16:06:55","slug":"o-consolo-do-1","status":"publish","type":"post","link":"https:\/\/gremiovencedor.com.br\/novo\/o-consolo-do-1\/","title":{"rendered":"O consolo do 1%"},"content":{"rendered":"<p>Que consolo resta ao torcedor gremista sen\u00e3o comemorar cada 1% a mais de obras conclu\u00eddas na Arena? O time caminha melanc\u00f3lico para o fim de mais um ano sem t\u00edtulos e, desta vez, tamb\u00e9m sem vaga na Libertadores. A 11\u00aa posi\u00e7\u00e3o na tabela parece at\u00e9 um pr\u00eamio de consola\u00e7\u00e3o ao torcedor que, h\u00e1 pouco tempo, temia pelo rebaixamento, tamanha a falta de planejamento da atual gest\u00e3o desde o in\u00edcio de 2011. Num clima de &#8220;frita\u00e7\u00e3o&#8221; geral, pouco parece restar para o pr\u00f3ximo ano. Treinador previsivelmente sem ambiente para continuar e um time recheado de car\u00eancias, apesar da folha de pagamento gigante. Como num flash back, a torcida tricolor \u00e9 novamente brindada pelo seu presidente com firmes promessas de um time forte e vencedor&#8230; Sempre para o pr\u00f3ximo ano. Foi assim tamb\u00e9m em 2010, quando venceu a elei\u00e7\u00e3o. Ah sim, mas voltando \u00e0 agenda positiva. Quase 40% da Arena est\u00e1 conclu\u00edda&#8230; Arena, Arena, Arena, Arena&#8230; Tal qual um dogma a palavra \u00e9 repetida \u00e0 exaust\u00e3o, quem sabe na tentativa de convencer o torcedor de que mais importante que ser campe\u00e3o \u00e9 ter um bom est\u00e1dio. Enquanto isso, em sentido contr\u00e1rio, manifesta\u00e7\u00f5es da torcida gremista na imprensa, redes sociais e no est\u00e1dio Ol\u00edmpico pedem um time competente, que traga o clube de volta aos seus anos de gl\u00f3ria. Importante deixar claro que n\u00e3o somos contra a Arena, pelo contr\u00e1rio, consideramos ela um divisor de \u00e1guas na vida do Gr\u00eamio. Mas desde o in\u00edcio dessa gest\u00e3o alertamos para o fato de que a atual administra\u00e7\u00e3o centraliza todas as suas aten\u00e7\u00f5es nesse projeto e esquece das outras \u00e1reas, especialmente da raz\u00e3o fundamental do clube: o futebol. E quando parece que n\u00e3o pode piorar, entre assombrados e incr\u00e9dulos, acompanhamos a imprensa divulgar valores aos quais o clube est\u00e1 se submetendo para contratar alguns jogadores. Nos preocupa o futuro imediato do Gr\u00eamio. Outras vezes j\u00e1 convivemos com administra\u00e7\u00f5es catastr\u00f3ficas que nos deixaram sem ta\u00e7as, mas com centenas de duplicatas vencidas, por conta das quais at\u00e9 hoje padecemos. Que o nosso Tricolor tenha sim um grande time, mas que possa pagar por ele. Que a institui\u00e7\u00e3o n\u00e3o seja comprometida financeiramente para apagar a imagem de uma m\u00e1 gest\u00e3o ou em nome de uma reconquista de imagem pessoal para outras finalidades. Que tenhamos vit\u00f3rias e t\u00edtulos, mas como consequ\u00eancia de um bom planejamento institucional e de uma pol\u00edtica de futebol consistente.<\/p>\n","protected":false},"excerpt":{"rendered":"<p>Que consolo resta ao torcedor gremista sen\u00e3o comemorar cada 1% a mais de obras conclu\u00eddas na Arena? O time caminha melanc\u00f3lico para o fim de mais um ano sem t\u00edtulos e, desta vez, tamb\u00e9m sem vaga na Libertadores. A 11\u00aa posi\u00e7\u00e3o na tabela parece at\u00e9 um pr\u00eamio de consola\u00e7\u00e3o ao torcedor que, h\u00e1 pouco tempo, [&hellip;]<\/p>\n","protected":false},"author":1,"featured_media":181,"comment_status":"closed","ping_status":"closed","sticky":false,"template":"","format":"standard","meta":{"_monsterinsights_skip_tracking":false,"footnotes":""},"categories":[16],"tags":[],"class_list":["post-180","post","type-post","status-publish","format-standard","has-post-thumbnail","hentry","category-noticias"],"_links":{"self":[{"href":"https:\/\/gremiovencedor.com.br\/novo\/wp-json\/wp\/v2\/posts\/180","targetHints":{"allow":["GET"]}}],"collection":[{"href":"https:\/\/gremiovencedor.com.br\/novo\/wp-json\/wp\/v2\/posts"}],"about":[{"href":"https:\/\/gremiovencedor.com.br\/novo\/wp-json\/wp\/v2\/types\/post"}],"author":[{"embeddable":true,"href":"https:\/\/gremiovencedor.com.br\/novo\/wp-json\/wp\/v2\/users\/1"}],"replies":[{"embeddable":true,"href":"https:\/\/gremiovencedor.com.br\/novo\/wp-json\/wp\/v2\/comments?post=180"}],"version-history":[{"count":1,"href":"https:\/\/gremiovencedor.com.br\/novo\/wp-json\/wp\/v2\/posts\/180\/revisions"}],"predecessor-version":[{"id":402,"href":"https:\/\/gremiovencedor.com.br\/novo\/wp-json\/wp\/v2\/posts\/180\/revisions\/402"}],"wp:featuredmedia":[{"embeddable":true,"href":"https:\/\/gremiovencedor.com.br\/novo\/wp-json\/wp\/v2\/media\/181"}],"wp:attachment":[{"href":"https:\/\/gremiovencedor.com.br\/novo\/wp-json\/wp\/v2\/media?parent=180"}],"wp:term":[{"taxonomy":"category","embeddable":true,"href":"https:\/\/gremiovencedor.com.br\/novo\/wp-json\/wp\/v2\/categories?post=180"},{"taxonomy":"post_tag","embeddable":true,"href":"https:\/\/gremiovencedor.com.br\/novo\/wp-json\/wp\/v2\/tags?post=180"}],"curies":[{"name":"wp","href":"https:\/\/api.w.org\/{rel}","templated":true}]}}