{"id":182,"date":"2011-12-15T12:00:00","date_gmt":"2011-12-15T14:00:00","guid":{"rendered":"https:\/\/gremiovencedor.com.br\/novo\/?p=182"},"modified":"2026-07-30T13:06:55","modified_gmt":"2026-07-30T16:06:55","slug":"mgv-realiza-ultimo-encontro-de-2011","status":"publish","type":"post","link":"https:\/\/gremiovencedor.com.br\/novo\/mgv-realiza-ultimo-encontro-de-2011\/","title":{"rendered":"MGV realiza \u00faltimo encontro de 2011"},"content":{"rendered":"<p>O Movimento Gr\u00eamio Vencedor (MGV) realizou nesta semana seu \u00faltimo encontro de 2011. Reunidos no galp\u00e3o crioulo de propriedade do empres\u00e1rio Sadi Tonatto, que tradicionalmente recebe as reuni\u00f5es do grupo, os integrantes celebraram mais um ano de trabalho e reafirmaram sua condi\u00e7\u00e3o de fazer uma oposi\u00e7\u00e3o atenta e respons\u00e1vel \u00e0 atual administra\u00e7\u00e3o do clube. &#8220;Agradecemos a todos os integrantes do MGV pelo empenho e pela dedica\u00e7\u00e3o com que defenderam nossos ideais em 2011, que foi um ano de crescimento e afirma\u00e7\u00e3o do nosso grupo no cen\u00e1rio pol\u00edtico do clube. A tarefa vem sendo \u00e1rdua, mas temos feito uma oposi\u00e7\u00e3o respons\u00e1vel \u00e0 atual gest\u00e3o do Gr\u00eamio, marcada pelo personalismo e pela tentativa de promo\u00e7\u00e3o pessoal \u00e0s custas do clube. Tenho certeza de que, em 2012, estaremos ainda mais fortalecidos na tarefa de proteger os interesses do s\u00f3cio e do torcedor gremista&#8221;, afirmou Marcos Chitolina, um dos membros da Coordena\u00e7\u00e3o. &#8220;Esse ano foi dif\u00edcil para o torcedor gremista, que conviveu com uma equipe inconsistente e passou novamente sem vencer t\u00edtulos importantes. Esperamos que a atual dire\u00e7\u00e3o n\u00e3o foque apenas na Arena e possa melhorar sua pol\u00edtica de futebol, a fim de que nosso time n\u00e3o fique apenas brigando contra o rebaixamento&#8221;, ressaltou o conselheiro e integrante da Coordena\u00e7\u00e3o, Dr. Alberto Rosa. O conselheiro David Stival reafirmou a excel\u00eancia das atividades realizadas pela Coordena\u00e7\u00e3o do movimento e pregou uni\u00e3o de esfor\u00e7os do MGV na pr\u00f3xima temporada, que ser\u00e1 decisiva na hist\u00f3ria do clube. &#8220;Precisamos continuar fazendo essa oposi\u00e7\u00e3o qualitativa que marca nossa atua\u00e7\u00e3o. Vem a\u00ed pela frente um per\u00edodo muito importante na vida do Gr\u00eamio, que al\u00e9m das elei\u00e7\u00f5es, marcar\u00e1 tamb\u00e9m a transi\u00e7\u00e3o do est\u00e1dio Ol\u00edmpico para a Arena. Por tudo isso \u00e9 que devemos estar atentos aos interesses do clube, dos seus s\u00f3cios e da sua torcida.&#8221; O Movimento Gr\u00eamio Vencedor retoma seus encontros a partir do pr\u00f3ximo m\u00eas de mar\u00e7o, quando a Coordena\u00e7\u00e3o apresentar\u00e1 aos integrantes o planejamento para 2012. &#8220;Vamos trabalhar nesse per\u00edodo de recesso a fim de planejar as a\u00e7\u00f5es para o novo ano, quando apostamos num MGV ainda mais protagonista na pol\u00edtica do Gr\u00eamio e na defesa dos seus interesses. Contamos com a participa\u00e7\u00e3o de todos, inclusive estimulando a ades\u00e3o de outros gremistas \u00e0 nossa causa&#8221;, acrescentou Thiago Brunetto, outro dos coordenadores.<\/p>\n","protected":false},"excerpt":{"rendered":"<p>O Movimento Gr\u00eamio Vencedor (MGV) realizou nesta semana seu \u00faltimo encontro de 2011. Reunidos no galp\u00e3o crioulo de propriedade do empres\u00e1rio Sadi Tonatto, que tradicionalmente recebe as reuni\u00f5es do grupo, os integrantes celebraram mais um ano de trabalho e reafirmaram sua condi\u00e7\u00e3o de fazer uma oposi\u00e7\u00e3o atenta e respons\u00e1vel \u00e0 atual administra\u00e7\u00e3o do clube. &#8220;Agradecemos [&hellip;]<\/p>\n","protected":false},"author":1,"featured_media":183,"comment_status":"closed","ping_status":"closed","sticky":false,"template":"","format":"standard","meta":{"_monsterinsights_skip_tracking":false,"footnotes":""},"categories":[16],"tags":[],"class_list":["post-182","post","type-post","status-publish","format-standard","has-post-thumbnail","hentry","category-noticias"],"_links":{"self":[{"href":"https:\/\/gremiovencedor.com.br\/novo\/wp-json\/wp\/v2\/posts\/182","targetHints":{"allow":["GET"]}}],"collection":[{"href":"https:\/\/gremiovencedor.com.br\/novo\/wp-json\/wp\/v2\/posts"}],"about":[{"href":"https:\/\/gremiovencedor.com.br\/novo\/wp-json\/wp\/v2\/types\/post"}],"author":[{"embeddable":true,"href":"https:\/\/gremiovencedor.com.br\/novo\/wp-json\/wp\/v2\/users\/1"}],"replies":[{"embeddable":true,"href":"https:\/\/gremiovencedor.com.br\/novo\/wp-json\/wp\/v2\/comments?post=182"}],"version-history":[{"count":1,"href":"https:\/\/gremiovencedor.com.br\/novo\/wp-json\/wp\/v2\/posts\/182\/revisions"}],"predecessor-version":[{"id":401,"href":"https:\/\/gremiovencedor.com.br\/novo\/wp-json\/wp\/v2\/posts\/182\/revisions\/401"}],"wp:featuredmedia":[{"embeddable":true,"href":"https:\/\/gremiovencedor.com.br\/novo\/wp-json\/wp\/v2\/media\/183"}],"wp:attachment":[{"href":"https:\/\/gremiovencedor.com.br\/novo\/wp-json\/wp\/v2\/media?parent=182"}],"wp:term":[{"taxonomy":"category","embeddable":true,"href":"https:\/\/gremiovencedor.com.br\/novo\/wp-json\/wp\/v2\/categories?post=182"},{"taxonomy":"post_tag","embeddable":true,"href":"https:\/\/gremiovencedor.com.br\/novo\/wp-json\/wp\/v2\/tags?post=182"}],"curies":[{"name":"wp","href":"https:\/\/api.w.org\/{rel}","templated":true}]}}